{"id":4810,"date":"2026-02-23T12:03:05","date_gmt":"2026-02-23T11:03:05","guid":{"rendered":"https:\/\/www.basketbalolomouc.eu\/?p=4810"},"modified":"2026-02-23T12:05:44","modified_gmt":"2026-02-23T11:05:44","slug":"2-rocnik-pulmaratonu-je-tady","status":"publish","type":"post","link":"https:\/\/www.basketbalolomouc.eu\/?p=4810","title":{"rendered":"2. ro\u010dn\u00edk p\u016flmaratonu je tady."},"content":{"rendered":"\n<h2 class=\"wp-block-heading\">Basketbalov\u00fd p\u016flmaraton pokra\u010duje druh\u00fdm ro\u010dn\u00edkem<\/h2>\n\n\n\n<p>V lo\u0148sk\u00e9m roce se v <strong>Olomouc<\/strong> uskute\u010dnil <strong>prvn\u00ed ro\u010dn\u00edk basketbalov\u00e9ho p\u016flmaratonu<\/strong>, kter\u00fd spojil celodenn\u00ed basketbalov\u00e9 kl\u00e1n\u00ed s <strong>charitativn\u00ed pomoc\u00ed d\u011btsk\u00e9 onkologii<\/strong>. Po cel\u00fd den se na palubovce st\u0159\u00eddaly t\u00fdmy v\u0161ech v\u011bkov\u00fdch kategori\u00ed a akce p\u0159il\u00e1kala nejen hr\u00e1\u010de, ale i fanou\u0161ky a \u0161irokou ve\u0159ejnost.<\/p>\n\n\n\n<p>\u00dasp\u011b\u0161n\u00fd prvn\u00ed ro\u010dn\u00edk uk\u00e1zal, \u017ee sport m\u016f\u017ee m\u00edt skute\u010dn\u00fd spole\u010densk\u00fd p\u0159esah, a proto <strong>letos navazujeme 2. ro\u010dn\u00edkem basketbalov\u00e9ho p\u016flmaratonu<\/strong>. Ten se uskute\u010dn\u00ed <strong>ve \u010dtvrtek 21. kv\u011btna 2026 v \u010cajkar\u00e9n\u011b v Olomouci<\/strong> a op\u011bt nab\u00eddne <strong>12 hodin basketbalu, doprovodn\u00fd program, sout\u011b\u017ee, ob\u010derstven\u00ed a vstup zdarma<\/strong>.<\/p>\n\n\n\n<p>Zveme v\u0161echny hr\u00e1\u010de, fanou\u0161ky basketbalu i rodiny s d\u011btmi, aby se p\u0159i\u0161li zapojit a <strong>spole\u010dn\u011b podpo\u0159it dobrou v\u011bc<\/strong>. A\u0165 u\u017e aktivn\u011b na h\u0159i\u0161ti, nebo jako div\u00e1ci \u2013 <strong>basketbalov\u00fd p\u016flmaraton je otev\u0159en\u00fd v\u0161em<\/strong>.<\/p>\n\n\n\n<figure class=\"wp-block-image size-large\"><img fetchpriority=\"high\" decoding=\"async\" width=\"1024\" height=\"725\" src=\"https:\/\/www.basketbalolomouc.eu\/wp-content\/uploads\/2026\/02\/21_5_2026-pULMARATON-a4_page-0002-1024x725.jpg\" alt=\"\" class=\"wp-image-4811\" srcset=\"https:\/\/www.basketbalolomouc.eu\/wp-content\/uploads\/2026\/02\/21_5_2026-pULMARATON-a4_page-0002-1024x725.jpg 1024w, https:\/\/www.basketbalolomouc.eu\/wp-content\/uploads\/2026\/02\/21_5_2026-pULMARATON-a4_page-0002-300x212.jpg 300w, https:\/\/www.basketbalolomouc.eu\/wp-content\/uploads\/2026\/02\/21_5_2026-pULMARATON-a4_page-0002-768x543.jpg 768w, https:\/\/www.basketbalolomouc.eu\/wp-content\/uploads\/2026\/02\/21_5_2026-pULMARATON-a4_page-0002-1536x1087.jpg 1536w, https:\/\/www.basketbalolomouc.eu\/wp-content\/uploads\/2026\/02\/21_5_2026-pULMARATON-a4_page-0002.jpg 1754w\" sizes=\"(max-width: 1024px) 100vw, 1024px\" \/><\/figure>\n\n\n\n<div class=\"wp-block-media-text is-stacked-on-mobile\"><figure class=\"wp-block-media-text__media\"><\/figure><div class=\"wp-block-media-text__content\">\n<p><\/p>\n<\/div><\/div>\n","protected":false},"excerpt":{"rendered":"<p>Basketbalov\u00fd p\u016flmaraton pokra\u010duje druh\u00fdm ro\u010dn\u00edkem V lo\u0148sk\u00e9m roce se v Olomouc uskute\u010dnil prvn\u00ed ro\u010dn\u00edk basketbalov\u00e9ho p\u016flmaratonu, kter\u00fd spojil celodenn\u00ed basketbalov\u00e9 kl\u00e1n\u00ed s charitativn\u00ed pomoc\u00ed d\u011btsk\u00e9 onkologii. Po cel\u00fd den se na palubovce st\u0159\u00eddaly t\u00fdmy v\u0161ech v\u011bkov\u00fdch kategori\u00ed a akce p\u0159il\u00e1kala nejen hr\u00e1\u010de, ale i fanou\u0161ky a \u0161irokou ve\u0159ejnost. \u00dasp\u011b\u0161n\u00fd prvn\u00ed ro\u010dn\u00edk uk\u00e1zal, \u017ee sport m\u016f\u017ee &hellip;<\/p>\n<p class=\"read-more\"> <a class=\"\" href=\"https:\/\/www.basketbalolomouc.eu\/?p=4810\"> <span class=\"screen-reader-text\">2. ro\u010dn\u00edk p\u016flmaratonu je tady.<\/span> Pokra\u010dovat ve \u010dten\u00ed &raquo;<\/a><\/p>\n","protected":false},"author":1,"featured_media":4811,"comment_status":"open","ping_status":"open","sticky":false,"template":"","format":"standard","meta":{"wp_popup_display_lightbox":0,"wp_popup_suppress":"","wp_popup_trigger":"","wp_popup_trigger_amount":0,"wp_popup_disable_on_mobile":false,"ngg_post_thumbnail":0,"footnotes":""},"categories":[9],"tags":[],"class_list":["post-4810","post","type-post","status-publish","format-standard","has-post-thumbnail","hentry","category-aktuality"],"yoast_head":"<!-- This site is optimized with the Yoast SEO plugin v24.0 - https:\/\/yoast.com\/wordpress\/plugins\/seo\/ -->\n<title>2. ro\u010dn\u00edk p\u016flmaratonu je tady. - Basketbal Olomouc<\/title>\n<meta name=\"robots\" content=\"index, follow, max-snippet:-1, max-image-preview:large, max-video-preview:-1\" \/>\n<link rel=\"canonical\" href=\"https:\/\/www.basketbalolomouc.eu\/?p=4810\" \/>\n<meta property=\"og:locale\" content=\"cs_CZ\" \/>\n<meta property=\"og:type\" content=\"article\" \/>\n<meta property=\"og:title\" content=\"2. ro\u010dn\u00edk p\u016flmaratonu je tady. - Basketbal Olomouc\" \/>\n<meta property=\"og:description\" content=\"Basketbalov\u00fd p\u016flmaraton pokra\u010duje druh\u00fdm ro\u010dn\u00edkem V lo\u0148sk\u00e9m roce se v Olomouc uskute\u010dnil prvn\u00ed ro\u010dn\u00edk basketbalov\u00e9ho p\u016flmaratonu, kter\u00fd spojil celodenn\u00ed basketbalov\u00e9 kl\u00e1n\u00ed s charitativn\u00ed pomoc\u00ed d\u011btsk\u00e9 onkologii. Po cel\u00fd den se na palubovce st\u0159\u00eddaly t\u00fdmy v\u0161ech v\u011bkov\u00fdch kategori\u00ed a akce p\u0159il\u00e1kala nejen hr\u00e1\u010de, ale i fanou\u0161ky a \u0161irokou ve\u0159ejnost. \u00dasp\u011b\u0161n\u00fd prvn\u00ed ro\u010dn\u00edk uk\u00e1zal, \u017ee sport m\u016f\u017ee &hellip; 2. ro\u010dn\u00edk p\u016flmaratonu je tady. Pokra\u010dovat ve \u010dten\u00ed &raquo;\" \/>\n<meta property=\"og:url\" content=\"https:\/\/www.basketbalolomouc.eu\/?p=4810\" \/>\n<meta property=\"og:site_name\" content=\"Basketbal Olomouc\" \/>\n<meta property=\"article:publisher\" content=\"https:\/\/www.facebook.com\/BasketbalOlomouc\/\" \/>\n<meta property=\"article:published_time\" content=\"2026-02-23T11:03:05+00:00\" \/>\n<meta property=\"article:modified_time\" content=\"2026-02-23T11:05:44+00:00\" \/>\n<meta property=\"og:image\" content=\"http:\/\/www.basketbalolomouc.eu\/wp-content\/uploads\/2026\/02\/21_5_2026-pULMARATON-a4_page-0002.jpg\" \/>\n\t<meta property=\"og:image:width\" content=\"1754\" \/>\n\t<meta property=\"og:image:height\" content=\"1241\" \/>\n\t<meta property=\"og:image:type\" content=\"image\/jpeg\" \/>\n<meta name=\"author\" content=\"admin\" \/>\n<meta name=\"twitter:card\" content=\"summary_large_image\" \/>\n<meta name=\"twitter:label1\" content=\"Napsal(a)\" \/>\n\t<meta name=\"twitter:data1\" content=\"admin\" \/>\n\t<meta name=\"twitter:label2\" content=\"Odhadovan\u00e1 doba \u010dten\u00ed\" \/>\n\t<meta name=\"twitter:data2\" content=\"2 minuty\" \/>\n<script type=\"application\/ld+json\" class=\"yoast-schema-graph\">{\"@context\":\"https:\/\/schema.org\",\"@graph\":[{\"@type\":\"Article\",\"@id\":\"https:\/\/www.basketbalolomouc.eu\/?p=4810#article\",\"isPartOf\":{\"@id\":\"https:\/\/www.basketbalolomouc.eu\/?p=4810\"},\"author\":{\"name\":\"admin\",\"@id\":\"https:\/\/www.basketbalolomouc.eu\/#\/schema\/person\/55f3f9c30c429ebe52d080eadc3ca07c\"},\"headline\":\"2. ro\u010dn\u00edk p\u016flmaratonu je tady.\",\"datePublished\":\"2026-02-23T11:03:05+00:00\",\"dateModified\":\"2026-02-23T11:05:44+00:00\",\"mainEntityOfPage\":{\"@id\":\"https:\/\/www.basketbalolomouc.eu\/?p=4810\"},\"wordCount\":185,\"commentCount\":0,\"publisher\":{\"@id\":\"https:\/\/www.basketbalolomouc.eu\/#organization\"},\"image\":{\"@id\":\"https:\/\/www.basketbalolomouc.eu\/?p=4810#primaryimage\"},\"thumbnailUrl\":\"https:\/\/www.basketbalolomouc.eu\/wp-content\/uploads\/2026\/02\/21_5_2026-pULMARATON-a4_page-0002.jpg\",\"articleSection\":[\"Aktuality\"],\"inLanguage\":\"cs\",\"potentialAction\":[{\"@type\":\"CommentAction\",\"name\":\"Comment\",\"target\":[\"https:\/\/www.basketbalolomouc.eu\/?p=4810#respond\"]}]},{\"@type\":\"WebPage\",\"@id\":\"https:\/\/www.basketbalolomouc.eu\/?p=4810\",\"url\":\"https:\/\/www.basketbalolomouc.eu\/?p=4810\",\"name\":\"2. ro\u010dn\u00edk p\u016flmaratonu je tady. - Basketbal Olomouc\",\"isPartOf\":{\"@id\":\"https:\/\/www.basketbalolomouc.eu\/#website\"},\"primaryImageOfPage\":{\"@id\":\"https:\/\/www.basketbalolomouc.eu\/?p=4810#primaryimage\"},\"image\":{\"@id\":\"https:\/\/www.basketbalolomouc.eu\/?p=4810#primaryimage\"},\"thumbnailUrl\":\"https:\/\/www.basketbalolomouc.eu\/wp-content\/uploads\/2026\/02\/21_5_2026-pULMARATON-a4_page-0002.jpg\",\"datePublished\":\"2026-02-23T11:03:05+00:00\",\"dateModified\":\"2026-02-23T11:05:44+00:00\",\"breadcrumb\":{\"@id\":\"https:\/\/www.basketbalolomouc.eu\/?p=4810#breadcrumb\"},\"inLanguage\":\"cs\",\"potentialAction\":[{\"@type\":\"ReadAction\",\"target\":[\"https:\/\/www.basketbalolomouc.eu\/?p=4810\"]}]},{\"@type\":\"ImageObject\",\"inLanguage\":\"cs\",\"@id\":\"https:\/\/www.basketbalolomouc.eu\/?p=4810#primaryimage\",\"url\":\"https:\/\/www.basketbalolomouc.eu\/wp-content\/uploads\/2026\/02\/21_5_2026-pULMARATON-a4_page-0002.jpg\",\"contentUrl\":\"https:\/\/www.basketbalolomouc.eu\/wp-content\/uploads\/2026\/02\/21_5_2026-pULMARATON-a4_page-0002.jpg\",\"width\":1754,\"height\":1241},{\"@type\":\"BreadcrumbList\",\"@id\":\"https:\/\/www.basketbalolomouc.eu\/?p=4810#breadcrumb\",\"itemListElement\":[{\"@type\":\"ListItem\",\"position\":1,\"name\":\"Dom\u016f\",\"item\":\"https:\/\/www.basketbalolomouc.eu\/\"},{\"@type\":\"ListItem\",\"position\":2,\"name\":\"2. ro\u010dn\u00edk p\u016flmaratonu je tady.\"}]},{\"@type\":\"WebSite\",\"@id\":\"https:\/\/www.basketbalolomouc.eu\/#website\",\"url\":\"https:\/\/www.basketbalolomouc.eu\/\",\"name\":\"Basketbal Olomouc\",\"description\":\"Basketbalov\u00fd klub\",\"publisher\":{\"@id\":\"https:\/\/www.basketbalolomouc.eu\/#organization\"},\"potentialAction\":[{\"@type\":\"SearchAction\",\"target\":{\"@type\":\"EntryPoint\",\"urlTemplate\":\"https:\/\/www.basketbalolomouc.eu\/?s={search_term_string}\"},\"query-input\":{\"@type\":\"PropertyValueSpecification\",\"valueRequired\":true,\"valueName\":\"search_term_string\"}}],\"inLanguage\":\"cs\"},{\"@type\":\"Organization\",\"@id\":\"https:\/\/www.basketbalolomouc.eu\/#organization\",\"name\":\"Basketbal Olomouc\",\"url\":\"https:\/\/www.basketbalolomouc.eu\/\",\"logo\":{\"@type\":\"ImageObject\",\"inLanguage\":\"cs\",\"@id\":\"https:\/\/www.basketbalolomouc.eu\/#\/schema\/logo\/image\/\",\"url\":\"http:\/\/www.basketbalolomouc.eu\/wp-content\/uploads\/2018\/08\/logo_basketbal_olomouc.jpg\",\"contentUrl\":\"http:\/\/www.basketbalolomouc.eu\/wp-content\/uploads\/2018\/08\/logo_basketbal_olomouc.jpg\",\"width\":1180,\"height\":1180,\"caption\":\"Basketbal Olomouc\"},\"image\":{\"@id\":\"https:\/\/www.basketbalolomouc.eu\/#\/schema\/logo\/image\/\"},\"sameAs\":[\"https:\/\/www.facebook.com\/BasketbalOlomouc\/\"]},{\"@type\":\"Person\",\"@id\":\"https:\/\/www.basketbalolomouc.eu\/#\/schema\/person\/55f3f9c30c429ebe52d080eadc3ca07c\",\"name\":\"admin\",\"image\":{\"@type\":\"ImageObject\",\"inLanguage\":\"cs\",\"@id\":\"https:\/\/www.basketbalolomouc.eu\/#\/schema\/person\/image\/\",\"url\":\"https:\/\/secure.gravatar.com\/avatar\/9d1de5457b139edf6366e02182f22397?s=96&d=mm&r=g\",\"contentUrl\":\"https:\/\/secure.gravatar.com\/avatar\/9d1de5457b139edf6366e02182f22397?s=96&d=mm&r=g\",\"caption\":\"admin\"},\"url\":\"https:\/\/www.basketbalolomouc.eu\/?author=1\"}]}<\/script>\n<!-- \/ Yoast SEO plugin. -->","yoast_head_json":{"title":"2. ro\u010dn\u00edk p\u016flmaratonu je tady. - Basketbal Olomouc","robots":{"index":"index","follow":"follow","max-snippet":"max-snippet:-1","max-image-preview":"max-image-preview:large","max-video-preview":"max-video-preview:-1"},"canonical":"https:\/\/www.basketbalolomouc.eu\/?p=4810","og_locale":"cs_CZ","og_type":"article","og_title":"2. ro\u010dn\u00edk p\u016flmaratonu je tady. - Basketbal Olomouc","og_description":"Basketbalov\u00fd p\u016flmaraton pokra\u010duje druh\u00fdm ro\u010dn\u00edkem V lo\u0148sk\u00e9m roce se v Olomouc uskute\u010dnil prvn\u00ed ro\u010dn\u00edk basketbalov\u00e9ho p\u016flmaratonu, kter\u00fd spojil celodenn\u00ed basketbalov\u00e9 kl\u00e1n\u00ed s charitativn\u00ed pomoc\u00ed d\u011btsk\u00e9 onkologii. Po cel\u00fd den se na palubovce st\u0159\u00eddaly t\u00fdmy v\u0161ech v\u011bkov\u00fdch kategori\u00ed a akce p\u0159il\u00e1kala nejen hr\u00e1\u010de, ale i fanou\u0161ky a \u0161irokou ve\u0159ejnost. \u00dasp\u011b\u0161n\u00fd prvn\u00ed ro\u010dn\u00edk uk\u00e1zal, \u017ee sport m\u016f\u017ee &hellip; 2. ro\u010dn\u00edk p\u016flmaratonu je tady. Pokra\u010dovat ve \u010dten\u00ed &raquo;","og_url":"https:\/\/www.basketbalolomouc.eu\/?p=4810","og_site_name":"Basketbal Olomouc","article_publisher":"https:\/\/www.facebook.com\/BasketbalOlomouc\/","article_published_time":"2026-02-23T11:03:05+00:00","article_modified_time":"2026-02-23T11:05:44+00:00","og_image":[{"width":1754,"height":1241,"url":"http:\/\/www.basketbalolomouc.eu\/wp-content\/uploads\/2026\/02\/21_5_2026-pULMARATON-a4_page-0002.jpg","type":"image\/jpeg"}],"author":"admin","twitter_card":"summary_large_image","twitter_misc":{"Napsal(a)":"admin","Odhadovan\u00e1 doba \u010dten\u00ed":"2 minuty"},"schema":{"@context":"https:\/\/schema.org","@graph":[{"@type":"Article","@id":"https:\/\/www.basketbalolomouc.eu\/?p=4810#article","isPartOf":{"@id":"https:\/\/www.basketbalolomouc.eu\/?p=4810"},"author":{"name":"admin","@id":"https:\/\/www.basketbalolomouc.eu\/#\/schema\/person\/55f3f9c30c429ebe52d080eadc3ca07c"},"headline":"2. ro\u010dn\u00edk p\u016flmaratonu je tady.","datePublished":"2026-02-23T11:03:05+00:00","dateModified":"2026-02-23T11:05:44+00:00","mainEntityOfPage":{"@id":"https:\/\/www.basketbalolomouc.eu\/?p=4810"},"wordCount":185,"commentCount":0,"publisher":{"@id":"https:\/\/www.basketbalolomouc.eu\/#organization"},"image":{"@id":"https:\/\/www.basketbalolomouc.eu\/?p=4810#primaryimage"},"thumbnailUrl":"https:\/\/www.basketbalolomouc.eu\/wp-content\/uploads\/2026\/02\/21_5_2026-pULMARATON-a4_page-0002.jpg","articleSection":["Aktuality"],"inLanguage":"cs","potentialAction":[{"@type":"CommentAction","name":"Comment","target":["https:\/\/www.basketbalolomouc.eu\/?p=4810#respond"]}]},{"@type":"WebPage","@id":"https:\/\/www.basketbalolomouc.eu\/?p=4810","url":"https:\/\/www.basketbalolomouc.eu\/?p=4810","name":"2. ro\u010dn\u00edk p\u016flmaratonu je tady. - Basketbal Olomouc","isPartOf":{"@id":"https:\/\/www.basketbalolomouc.eu\/#website"},"primaryImageOfPage":{"@id":"https:\/\/www.basketbalolomouc.eu\/?p=4810#primaryimage"},"image":{"@id":"https:\/\/www.basketbalolomouc.eu\/?p=4810#primaryimage"},"thumbnailUrl":"https:\/\/www.basketbalolomouc.eu\/wp-content\/uploads\/2026\/02\/21_5_2026-pULMARATON-a4_page-0002.jpg","datePublished":"2026-02-23T11:03:05+00:00","dateModified":"2026-02-23T11:05:44+00:00","breadcrumb":{"@id":"https:\/\/www.basketbalolomouc.eu\/?p=4810#breadcrumb"},"inLanguage":"cs","potentialAction":[{"@type":"ReadAction","target":["https:\/\/www.basketbalolomouc.eu\/?p=4810"]}]},{"@type":"ImageObject","inLanguage":"cs","@id":"https:\/\/www.basketbalolomouc.eu\/?p=4810#primaryimage","url":"https:\/\/www.basketbalolomouc.eu\/wp-content\/uploads\/2026\/02\/21_5_2026-pULMARATON-a4_page-0002.jpg","contentUrl":"https:\/\/www.basketbalolomouc.eu\/wp-content\/uploads\/2026\/02\/21_5_2026-pULMARATON-a4_page-0002.jpg","width":1754,"height":1241},{"@type":"BreadcrumbList","@id":"https:\/\/www.basketbalolomouc.eu\/?p=4810#breadcrumb","itemListElement":[{"@type":"ListItem","position":1,"name":"Dom\u016f","item":"https:\/\/www.basketbalolomouc.eu\/"},{"@type":"ListItem","position":2,"name":"2. ro\u010dn\u00edk p\u016flmaratonu je tady."}]},{"@type":"WebSite","@id":"https:\/\/www.basketbalolomouc.eu\/#website","url":"https:\/\/www.basketbalolomouc.eu\/","name":"Basketbal Olomouc","description":"Basketbalov\u00fd klub","publisher":{"@id":"https:\/\/www.basketbalolomouc.eu\/#organization"},"potentialAction":[{"@type":"SearchAction","target":{"@type":"EntryPoint","urlTemplate":"https:\/\/www.basketbalolomouc.eu\/?s={search_term_string}"},"query-input":{"@type":"PropertyValueSpecification","valueRequired":true,"valueName":"search_term_string"}}],"inLanguage":"cs"},{"@type":"Organization","@id":"https:\/\/www.basketbalolomouc.eu\/#organization","name":"Basketbal Olomouc","url":"https:\/\/www.basketbalolomouc.eu\/","logo":{"@type":"ImageObject","inLanguage":"cs","@id":"https:\/\/www.basketbalolomouc.eu\/#\/schema\/logo\/image\/","url":"http:\/\/www.basketbalolomouc.eu\/wp-content\/uploads\/2018\/08\/logo_basketbal_olomouc.jpg","contentUrl":"http:\/\/www.basketbalolomouc.eu\/wp-content\/uploads\/2018\/08\/logo_basketbal_olomouc.jpg","width":1180,"height":1180,"caption":"Basketbal Olomouc"},"image":{"@id":"https:\/\/www.basketbalolomouc.eu\/#\/schema\/logo\/image\/"},"sameAs":["https:\/\/www.facebook.com\/BasketbalOlomouc\/"]},{"@type":"Person","@id":"https:\/\/www.basketbalolomouc.eu\/#\/schema\/person\/55f3f9c30c429ebe52d080eadc3ca07c","name":"admin","image":{"@type":"ImageObject","inLanguage":"cs","@id":"https:\/\/www.basketbalolomouc.eu\/#\/schema\/person\/image\/","url":"https:\/\/secure.gravatar.com\/avatar\/9d1de5457b139edf6366e02182f22397?s=96&d=mm&r=g","contentUrl":"https:\/\/secure.gravatar.com\/avatar\/9d1de5457b139edf6366e02182f22397?s=96&d=mm&r=g","caption":"admin"},"url":"https:\/\/www.basketbalolomouc.eu\/?author=1"}]}},"_links":{"self":[{"href":"https:\/\/www.basketbalolomouc.eu\/index.php?rest_route=\/wp\/v2\/posts\/4810","targetHints":{"allow":["GET"]}}],"collection":[{"href":"https:\/\/www.basketbalolomouc.eu\/index.php?rest_route=\/wp\/v2\/posts"}],"about":[{"href":"https:\/\/www.basketbalolomouc.eu\/index.php?rest_route=\/wp\/v2\/types\/post"}],"author":[{"embeddable":true,"href":"https:\/\/www.basketbalolomouc.eu\/index.php?rest_route=\/wp\/v2\/users\/1"}],"replies":[{"embeddable":true,"href":"https:\/\/www.basketbalolomouc.eu\/index.php?rest_route=%2Fwp%2Fv2%2Fcomments&post=4810"}],"version-history":[{"count":1,"href":"https:\/\/www.basketbalolomouc.eu\/index.php?rest_route=\/wp\/v2\/posts\/4810\/revisions"}],"predecessor-version":[{"id":4812,"href":"https:\/\/www.basketbalolomouc.eu\/index.php?rest_route=\/wp\/v2\/posts\/4810\/revisions\/4812"}],"wp:featuredmedia":[{"embeddable":true,"href":"https:\/\/www.basketbalolomouc.eu\/index.php?rest_route=\/wp\/v2\/media\/4811"}],"wp:attachment":[{"href":"https:\/\/www.basketbalolomouc.eu\/index.php?rest_route=%2Fwp%2Fv2%2Fmedia&parent=4810"}],"wp:term":[{"taxonomy":"category","embeddable":true,"href":"https:\/\/www.basketbalolomouc.eu\/index.php?rest_route=%2Fwp%2Fv2%2Fcategories&post=4810"},{"taxonomy":"post_tag","embeddable":true,"href":"https:\/\/www.basketbalolomouc.eu\/index.php?rest_route=%2Fwp%2Fv2%2Ftags&post=4810"}],"curies":[{"name":"wp","href":"https:\/\/api.w.org\/{rel}","templated":true}]}}