{"id":4744,"date":"2025-12-20T08:16:31","date_gmt":"2025-12-20T07:16:31","guid":{"rendered":"https:\/\/www.basketbalolomouc.eu\/?p=4744"},"modified":"2026-02-10T13:30:45","modified_gmt":"2026-02-10T12:30:45","slug":"dulezita-vyhra-doma-nad-tury","status":"publish","type":"post","link":"https:\/\/www.basketbalolomouc.eu\/?p=4744","title":{"rendered":"D\u016fle\u017eit\u00e1 v\u00fdhra doma nad Tury"},"content":{"rendered":"\n<p><strong>Basketbal Olomouc zakon\u010dil kalend\u00e1\u0159n\u00ed rok cenn\u00fdm v\u00edt\u011bzstv\u00edm nad Tu\u0159i Svitavy, kter\u00e9 porazil na dom\u00e1c\u00ed palubovce 88:70.<\/strong> V utk\u00e1n\u00ed 1. ligy mu\u017e\u016f m\u011bli Han\u00e1ci od \u00favodn\u00edch minut jasn\u011b navrch a postupn\u011b si budovali n\u00e1skok, kter\u00fd v pr\u016fb\u011bhu z\u00e1pasu narostl a\u017e na rozd\u00edl v\u00edce ne\u017e dvaceti bod\u016f. Z\u00e1klad \u00fasp\u011bchu polo\u017eila p\u0159edev\u0161\u00edm aktivn\u00ed obrana, d\u00edky n\u00ed\u017e Olomouc z\u00edsk\u00e1vala m\u00ed\u010de a dok\u00e1zala trestat chyby soupe\u0159e rychl\u00fdmi proti\u00fatoky. Prvn\u00ed polo\u010das nab\u00eddl vyrovnan\u011bj\u0161\u00ed pas\u00e1\u017ee, dom\u00e1c\u00ed si v\u0161ak i p\u0159esto udr\u017eovali kontrolu nad v\u00fdvojem utk\u00e1n\u00ed.<\/p>\n\n\n\n<p>Po zm\u011bn\u011b stran Olomouc sv\u016fj v\u00fdkon je\u0161t\u011b vystup\u0148ovala. Zlep\u0161en\u00fd pohyb v \u00fatoku, dobr\u00e1 st\u0159elba z perimetru a dominance na doskoku postupn\u011b zlomily odpor hostuj\u00edc\u00edho celku. Dom\u00e1c\u00ed t\u00fdm se mohl op\u0159\u00edt o kolektivn\u00ed v\u00fdkon, do bodov\u00e9ho z\u00e1pisu se zapojila cel\u00e1 rotace a v\u00fdrazn\u00fdm faktorem byla tak\u00e9 produktivita z rychl\u00fdch proti\u00fatok\u016f i bod\u016f z vymezen\u00e9ho \u00fazem\u00ed. Z\u00e1v\u011bre\u010dn\u00e1 \u010dtvrtina se u\u017e odehr\u00e1vala pln\u011b v re\u017eii Basketbalu Olomouc, kter\u00fd si bez komplikac\u00ed pohl\u00eddal kone\u010dn\u00fd v\u00fdsledek.<\/p>\n\n\n\n<p>V\u00fdhra nad Svitavami m\u00e1 pro olomouck\u00fd t\u00fdm velkou hodnotu nejen z tabulkov\u00e9ho hlediska, ale tak\u00e9 z psychologick\u00e9ho pohledu. \u00dasp\u011b\u0161n\u00e9 zvl\u00e1dnut\u00ed posledn\u00edho leto\u0161n\u00edho utk\u00e1n\u00ed je d\u016fle\u017eit\u00fdm impulzem p\u0159ed dal\u0161\u00ed \u010d\u00e1st\u00ed sezony a potvrzen\u00edm, \u017ee t\u00fdm jde spr\u00e1vn\u00fdm sm\u011brem. Basketbal Olomouc se tak mohl s rokem rozlou\u010dit v\u00edt\u011bzn\u011b a p\u0159ed dom\u00e1c\u00edm publikem p\u0159edvedl v\u00fdkon, na kter\u00fd bude cht\u00edt nav\u00e1zat i v nov\u00e9m roce.<\/p>\n\n\n\n<figure class=\"wp-block-image size-large\"><img fetchpriority=\"high\" decoding=\"async\" width=\"1024\" height=\"544\" src=\"https:\/\/www.basketbalolomouc.eu\/wp-content\/uploads\/2025\/12\/Snimek-obrazovky-2025-12-20-080908-1024x544.png\" alt=\"\" class=\"wp-image-4745\" srcset=\"https:\/\/www.basketbalolomouc.eu\/wp-content\/uploads\/2025\/12\/Snimek-obrazovky-2025-12-20-080908-1024x544.png 1024w, https:\/\/www.basketbalolomouc.eu\/wp-content\/uploads\/2025\/12\/Snimek-obrazovky-2025-12-20-080908-300x159.png 300w, https:\/\/www.basketbalolomouc.eu\/wp-content\/uploads\/2025\/12\/Snimek-obrazovky-2025-12-20-080908-768x408.png 768w, https:\/\/www.basketbalolomouc.eu\/wp-content\/uploads\/2025\/12\/Snimek-obrazovky-2025-12-20-080908-1536x816.png 1536w, https:\/\/www.basketbalolomouc.eu\/wp-content\/uploads\/2025\/12\/Snimek-obrazovky-2025-12-20-080908.png 2039w\" sizes=\"(max-width: 1024px) 100vw, 1024px\" \/><\/figure>\n","protected":false},"excerpt":{"rendered":"<p>Basketbal Olomouc zakon\u010dil kalend\u00e1\u0159n\u00ed rok cenn\u00fdm v\u00edt\u011bzstv\u00edm nad Tu\u0159i Svitavy, kter\u00e9 porazil na dom\u00e1c\u00ed palubovce 88:70. V utk\u00e1n\u00ed 1. ligy mu\u017e\u016f m\u011bli Han\u00e1ci od \u00favodn\u00edch minut jasn\u011b navrch a postupn\u011b si budovali n\u00e1skok, kter\u00fd v pr\u016fb\u011bhu z\u00e1pasu narostl a\u017e na rozd\u00edl v\u00edce ne\u017e dvaceti bod\u016f. Z\u00e1klad \u00fasp\u011bchu polo\u017eila p\u0159edev\u0161\u00edm aktivn\u00ed obrana, d\u00edky n\u00ed\u017e Olomouc z\u00edsk\u00e1vala &hellip;<\/p>\n<p class=\"read-more\"> <a class=\"\" href=\"https:\/\/www.basketbalolomouc.eu\/?p=4744\"> <span class=\"screen-reader-text\">D\u016fle\u017eit\u00e1 v\u00fdhra doma nad Tury<\/span> Pokra\u010dovat ve \u010dten\u00ed &raquo;<\/a><\/p>\n","protected":false},"author":1,"featured_media":4749,"comment_status":"open","ping_status":"open","sticky":false,"template":"","format":"standard","meta":{"wp_popup_display_lightbox":0,"wp_popup_suppress":"","wp_popup_trigger":"","wp_popup_trigger_amount":0,"wp_popup_disable_on_mobile":false,"ngg_post_thumbnail":0,"footnotes":""},"categories":[1],"tags":[],"class_list":["post-4744","post","type-post","status-publish","format-standard","has-post-thumbnail","hentry","category-nezarazene"],"yoast_head":"<!-- This site is optimized with the Yoast SEO plugin v24.0 - https:\/\/yoast.com\/wordpress\/plugins\/seo\/ -->\n<title>D\u016fle\u017eit\u00e1 v\u00fdhra doma nad Tury - Basketbal Olomouc<\/title>\n<meta name=\"robots\" content=\"index, follow, max-snippet:-1, max-image-preview:large, max-video-preview:-1\" \/>\n<link rel=\"canonical\" href=\"https:\/\/www.basketbalolomouc.eu\/?p=4744\" \/>\n<meta property=\"og:locale\" content=\"cs_CZ\" \/>\n<meta property=\"og:type\" content=\"article\" \/>\n<meta property=\"og:title\" content=\"D\u016fle\u017eit\u00e1 v\u00fdhra doma nad Tury - Basketbal Olomouc\" \/>\n<meta property=\"og:description\" content=\"Basketbal Olomouc zakon\u010dil kalend\u00e1\u0159n\u00ed rok cenn\u00fdm v\u00edt\u011bzstv\u00edm nad Tu\u0159i Svitavy, kter\u00e9 porazil na dom\u00e1c\u00ed palubovce 88:70. V utk\u00e1n\u00ed 1. ligy mu\u017e\u016f m\u011bli Han\u00e1ci od \u00favodn\u00edch minut jasn\u011b navrch a postupn\u011b si budovali n\u00e1skok, kter\u00fd v pr\u016fb\u011bhu z\u00e1pasu narostl a\u017e na rozd\u00edl v\u00edce ne\u017e dvaceti bod\u016f. Z\u00e1klad \u00fasp\u011bchu polo\u017eila p\u0159edev\u0161\u00edm aktivn\u00ed obrana, d\u00edky n\u00ed\u017e Olomouc z\u00edsk\u00e1vala &hellip; D\u016fle\u017eit\u00e1 v\u00fdhra doma nad Tury Pokra\u010dovat ve \u010dten\u00ed &raquo;\" \/>\n<meta property=\"og:url\" content=\"https:\/\/www.basketbalolomouc.eu\/?p=4744\" \/>\n<meta property=\"og:site_name\" content=\"Basketbal Olomouc\" \/>\n<meta property=\"article:publisher\" content=\"https:\/\/www.facebook.com\/BasketbalOlomouc\/\" \/>\n<meta property=\"article:published_time\" content=\"2025-12-20T07:16:31+00:00\" \/>\n<meta property=\"article:modified_time\" content=\"2026-02-10T12:30:45+00:00\" \/>\n<meta property=\"og:image\" content=\"http:\/\/www.basketbalolomouc.eu\/wp-content\/uploads\/2025\/12\/ChatGPT-Image-20.-12.-2025-08_20_00.jpg\" \/>\n\t<meta property=\"og:image:width\" content=\"1536\" \/>\n\t<meta property=\"og:image:height\" content=\"1024\" \/>\n\t<meta property=\"og:image:type\" content=\"image\/jpeg\" \/>\n<meta name=\"author\" content=\"admin\" \/>\n<meta name=\"twitter:card\" content=\"summary_large_image\" \/>\n<meta name=\"twitter:label1\" content=\"Napsal(a)\" \/>\n\t<meta name=\"twitter:data1\" content=\"admin\" \/>\n\t<meta name=\"twitter:label2\" content=\"Odhadovan\u00e1 doba \u010dten\u00ed\" \/>\n\t<meta name=\"twitter:data2\" content=\"2 minuty\" \/>\n<script type=\"application\/ld+json\" class=\"yoast-schema-graph\">{\"@context\":\"https:\/\/schema.org\",\"@graph\":[{\"@type\":\"Article\",\"@id\":\"https:\/\/www.basketbalolomouc.eu\/?p=4744#article\",\"isPartOf\":{\"@id\":\"https:\/\/www.basketbalolomouc.eu\/?p=4744\"},\"author\":{\"name\":\"admin\",\"@id\":\"https:\/\/www.basketbalolomouc.eu\/#\/schema\/person\/55f3f9c30c429ebe52d080eadc3ca07c\"},\"headline\":\"D\u016fle\u017eit\u00e1 v\u00fdhra doma nad Tury\",\"datePublished\":\"2025-12-20T07:16:31+00:00\",\"dateModified\":\"2026-02-10T12:30:45+00:00\",\"mainEntityOfPage\":{\"@id\":\"https:\/\/www.basketbalolomouc.eu\/?p=4744\"},\"wordCount\":315,\"commentCount\":0,\"publisher\":{\"@id\":\"https:\/\/www.basketbalolomouc.eu\/#organization\"},\"image\":{\"@id\":\"https:\/\/www.basketbalolomouc.eu\/?p=4744#primaryimage\"},\"thumbnailUrl\":\"https:\/\/www.basketbalolomouc.eu\/wp-content\/uploads\/2025\/12\/ChatGPT-Image-20.-12.-2025-08_20_00.jpg\",\"inLanguage\":\"cs\",\"potentialAction\":[{\"@type\":\"CommentAction\",\"name\":\"Comment\",\"target\":[\"https:\/\/www.basketbalolomouc.eu\/?p=4744#respond\"]}]},{\"@type\":\"WebPage\",\"@id\":\"https:\/\/www.basketbalolomouc.eu\/?p=4744\",\"url\":\"https:\/\/www.basketbalolomouc.eu\/?p=4744\",\"name\":\"D\u016fle\u017eit\u00e1 v\u00fdhra doma nad Tury - Basketbal Olomouc\",\"isPartOf\":{\"@id\":\"https:\/\/www.basketbalolomouc.eu\/#website\"},\"primaryImageOfPage\":{\"@id\":\"https:\/\/www.basketbalolomouc.eu\/?p=4744#primaryimage\"},\"image\":{\"@id\":\"https:\/\/www.basketbalolomouc.eu\/?p=4744#primaryimage\"},\"thumbnailUrl\":\"https:\/\/www.basketbalolomouc.eu\/wp-content\/uploads\/2025\/12\/ChatGPT-Image-20.-12.-2025-08_20_00.jpg\",\"datePublished\":\"2025-12-20T07:16:31+00:00\",\"dateModified\":\"2026-02-10T12:30:45+00:00\",\"breadcrumb\":{\"@id\":\"https:\/\/www.basketbalolomouc.eu\/?p=4744#breadcrumb\"},\"inLanguage\":\"cs\",\"potentialAction\":[{\"@type\":\"ReadAction\",\"target\":[\"https:\/\/www.basketbalolomouc.eu\/?p=4744\"]}]},{\"@type\":\"ImageObject\",\"inLanguage\":\"cs\",\"@id\":\"https:\/\/www.basketbalolomouc.eu\/?p=4744#primaryimage\",\"url\":\"https:\/\/www.basketbalolomouc.eu\/wp-content\/uploads\/2025\/12\/ChatGPT-Image-20.-12.-2025-08_20_00.jpg\",\"contentUrl\":\"https:\/\/www.basketbalolomouc.eu\/wp-content\/uploads\/2025\/12\/ChatGPT-Image-20.-12.-2025-08_20_00.jpg\",\"width\":1536,\"height\":1024},{\"@type\":\"BreadcrumbList\",\"@id\":\"https:\/\/www.basketbalolomouc.eu\/?p=4744#breadcrumb\",\"itemListElement\":[{\"@type\":\"ListItem\",\"position\":1,\"name\":\"Dom\u016f\",\"item\":\"https:\/\/www.basketbalolomouc.eu\/\"},{\"@type\":\"ListItem\",\"position\":2,\"name\":\"D\u016fle\u017eit\u00e1 v\u00fdhra doma nad Tury\"}]},{\"@type\":\"WebSite\",\"@id\":\"https:\/\/www.basketbalolomouc.eu\/#website\",\"url\":\"https:\/\/www.basketbalolomouc.eu\/\",\"name\":\"Basketbal Olomouc\",\"description\":\"Basketbalov\u00fd klub\",\"publisher\":{\"@id\":\"https:\/\/www.basketbalolomouc.eu\/#organization\"},\"potentialAction\":[{\"@type\":\"SearchAction\",\"target\":{\"@type\":\"EntryPoint\",\"urlTemplate\":\"https:\/\/www.basketbalolomouc.eu\/?s={search_term_string}\"},\"query-input\":{\"@type\":\"PropertyValueSpecification\",\"valueRequired\":true,\"valueName\":\"search_term_string\"}}],\"inLanguage\":\"cs\"},{\"@type\":\"Organization\",\"@id\":\"https:\/\/www.basketbalolomouc.eu\/#organization\",\"name\":\"Basketbal Olomouc\",\"url\":\"https:\/\/www.basketbalolomouc.eu\/\",\"logo\":{\"@type\":\"ImageObject\",\"inLanguage\":\"cs\",\"@id\":\"https:\/\/www.basketbalolomouc.eu\/#\/schema\/logo\/image\/\",\"url\":\"http:\/\/www.basketbalolomouc.eu\/wp-content\/uploads\/2018\/08\/logo_basketbal_olomouc.jpg\",\"contentUrl\":\"http:\/\/www.basketbalolomouc.eu\/wp-content\/uploads\/2018\/08\/logo_basketbal_olomouc.jpg\",\"width\":1180,\"height\":1180,\"caption\":\"Basketbal Olomouc\"},\"image\":{\"@id\":\"https:\/\/www.basketbalolomouc.eu\/#\/schema\/logo\/image\/\"},\"sameAs\":[\"https:\/\/www.facebook.com\/BasketbalOlomouc\/\"]},{\"@type\":\"Person\",\"@id\":\"https:\/\/www.basketbalolomouc.eu\/#\/schema\/person\/55f3f9c30c429ebe52d080eadc3ca07c\",\"name\":\"admin\",\"image\":{\"@type\":\"ImageObject\",\"inLanguage\":\"cs\",\"@id\":\"https:\/\/www.basketbalolomouc.eu\/#\/schema\/person\/image\/\",\"url\":\"https:\/\/secure.gravatar.com\/avatar\/9d1de5457b139edf6366e02182f22397?s=96&d=mm&r=g\",\"contentUrl\":\"https:\/\/secure.gravatar.com\/avatar\/9d1de5457b139edf6366e02182f22397?s=96&d=mm&r=g\",\"caption\":\"admin\"},\"url\":\"https:\/\/www.basketbalolomouc.eu\/?author=1\"}]}<\/script>\n<!-- \/ Yoast SEO plugin. -->","yoast_head_json":{"title":"D\u016fle\u017eit\u00e1 v\u00fdhra doma nad Tury - Basketbal Olomouc","robots":{"index":"index","follow":"follow","max-snippet":"max-snippet:-1","max-image-preview":"max-image-preview:large","max-video-preview":"max-video-preview:-1"},"canonical":"https:\/\/www.basketbalolomouc.eu\/?p=4744","og_locale":"cs_CZ","og_type":"article","og_title":"D\u016fle\u017eit\u00e1 v\u00fdhra doma nad Tury - Basketbal Olomouc","og_description":"Basketbal Olomouc zakon\u010dil kalend\u00e1\u0159n\u00ed rok cenn\u00fdm v\u00edt\u011bzstv\u00edm nad Tu\u0159i Svitavy, kter\u00e9 porazil na dom\u00e1c\u00ed palubovce 88:70. V utk\u00e1n\u00ed 1. ligy mu\u017e\u016f m\u011bli Han\u00e1ci od \u00favodn\u00edch minut jasn\u011b navrch a postupn\u011b si budovali n\u00e1skok, kter\u00fd v pr\u016fb\u011bhu z\u00e1pasu narostl a\u017e na rozd\u00edl v\u00edce ne\u017e dvaceti bod\u016f. Z\u00e1klad \u00fasp\u011bchu polo\u017eila p\u0159edev\u0161\u00edm aktivn\u00ed obrana, d\u00edky n\u00ed\u017e Olomouc z\u00edsk\u00e1vala &hellip; D\u016fle\u017eit\u00e1 v\u00fdhra doma nad Tury Pokra\u010dovat ve \u010dten\u00ed &raquo;","og_url":"https:\/\/www.basketbalolomouc.eu\/?p=4744","og_site_name":"Basketbal Olomouc","article_publisher":"https:\/\/www.facebook.com\/BasketbalOlomouc\/","article_published_time":"2025-12-20T07:16:31+00:00","article_modified_time":"2026-02-10T12:30:45+00:00","og_image":[{"width":1536,"height":1024,"url":"http:\/\/www.basketbalolomouc.eu\/wp-content\/uploads\/2025\/12\/ChatGPT-Image-20.-12.-2025-08_20_00.jpg","type":"image\/jpeg"}],"author":"admin","twitter_card":"summary_large_image","twitter_misc":{"Napsal(a)":"admin","Odhadovan\u00e1 doba \u010dten\u00ed":"2 minuty"},"schema":{"@context":"https:\/\/schema.org","@graph":[{"@type":"Article","@id":"https:\/\/www.basketbalolomouc.eu\/?p=4744#article","isPartOf":{"@id":"https:\/\/www.basketbalolomouc.eu\/?p=4744"},"author":{"name":"admin","@id":"https:\/\/www.basketbalolomouc.eu\/#\/schema\/person\/55f3f9c30c429ebe52d080eadc3ca07c"},"headline":"D\u016fle\u017eit\u00e1 v\u00fdhra doma nad Tury","datePublished":"2025-12-20T07:16:31+00:00","dateModified":"2026-02-10T12:30:45+00:00","mainEntityOfPage":{"@id":"https:\/\/www.basketbalolomouc.eu\/?p=4744"},"wordCount":315,"commentCount":0,"publisher":{"@id":"https:\/\/www.basketbalolomouc.eu\/#organization"},"image":{"@id":"https:\/\/www.basketbalolomouc.eu\/?p=4744#primaryimage"},"thumbnailUrl":"https:\/\/www.basketbalolomouc.eu\/wp-content\/uploads\/2025\/12\/ChatGPT-Image-20.-12.-2025-08_20_00.jpg","inLanguage":"cs","potentialAction":[{"@type":"CommentAction","name":"Comment","target":["https:\/\/www.basketbalolomouc.eu\/?p=4744#respond"]}]},{"@type":"WebPage","@id":"https:\/\/www.basketbalolomouc.eu\/?p=4744","url":"https:\/\/www.basketbalolomouc.eu\/?p=4744","name":"D\u016fle\u017eit\u00e1 v\u00fdhra doma nad Tury - Basketbal Olomouc","isPartOf":{"@id":"https:\/\/www.basketbalolomouc.eu\/#website"},"primaryImageOfPage":{"@id":"https:\/\/www.basketbalolomouc.eu\/?p=4744#primaryimage"},"image":{"@id":"https:\/\/www.basketbalolomouc.eu\/?p=4744#primaryimage"},"thumbnailUrl":"https:\/\/www.basketbalolomouc.eu\/wp-content\/uploads\/2025\/12\/ChatGPT-Image-20.-12.-2025-08_20_00.jpg","datePublished":"2025-12-20T07:16:31+00:00","dateModified":"2026-02-10T12:30:45+00:00","breadcrumb":{"@id":"https:\/\/www.basketbalolomouc.eu\/?p=4744#breadcrumb"},"inLanguage":"cs","potentialAction":[{"@type":"ReadAction","target":["https:\/\/www.basketbalolomouc.eu\/?p=4744"]}]},{"@type":"ImageObject","inLanguage":"cs","@id":"https:\/\/www.basketbalolomouc.eu\/?p=4744#primaryimage","url":"https:\/\/www.basketbalolomouc.eu\/wp-content\/uploads\/2025\/12\/ChatGPT-Image-20.-12.-2025-08_20_00.jpg","contentUrl":"https:\/\/www.basketbalolomouc.eu\/wp-content\/uploads\/2025\/12\/ChatGPT-Image-20.-12.-2025-08_20_00.jpg","width":1536,"height":1024},{"@type":"BreadcrumbList","@id":"https:\/\/www.basketbalolomouc.eu\/?p=4744#breadcrumb","itemListElement":[{"@type":"ListItem","position":1,"name":"Dom\u016f","item":"https:\/\/www.basketbalolomouc.eu\/"},{"@type":"ListItem","position":2,"name":"D\u016fle\u017eit\u00e1 v\u00fdhra doma nad Tury"}]},{"@type":"WebSite","@id":"https:\/\/www.basketbalolomouc.eu\/#website","url":"https:\/\/www.basketbalolomouc.eu\/","name":"Basketbal Olomouc","description":"Basketbalov\u00fd klub","publisher":{"@id":"https:\/\/www.basketbalolomouc.eu\/#organization"},"potentialAction":[{"@type":"SearchAction","target":{"@type":"EntryPoint","urlTemplate":"https:\/\/www.basketbalolomouc.eu\/?s={search_term_string}"},"query-input":{"@type":"PropertyValueSpecification","valueRequired":true,"valueName":"search_term_string"}}],"inLanguage":"cs"},{"@type":"Organization","@id":"https:\/\/www.basketbalolomouc.eu\/#organization","name":"Basketbal Olomouc","url":"https:\/\/www.basketbalolomouc.eu\/","logo":{"@type":"ImageObject","inLanguage":"cs","@id":"https:\/\/www.basketbalolomouc.eu\/#\/schema\/logo\/image\/","url":"http:\/\/www.basketbalolomouc.eu\/wp-content\/uploads\/2018\/08\/logo_basketbal_olomouc.jpg","contentUrl":"http:\/\/www.basketbalolomouc.eu\/wp-content\/uploads\/2018\/08\/logo_basketbal_olomouc.jpg","width":1180,"height":1180,"caption":"Basketbal Olomouc"},"image":{"@id":"https:\/\/www.basketbalolomouc.eu\/#\/schema\/logo\/image\/"},"sameAs":["https:\/\/www.facebook.com\/BasketbalOlomouc\/"]},{"@type":"Person","@id":"https:\/\/www.basketbalolomouc.eu\/#\/schema\/person\/55f3f9c30c429ebe52d080eadc3ca07c","name":"admin","image":{"@type":"ImageObject","inLanguage":"cs","@id":"https:\/\/www.basketbalolomouc.eu\/#\/schema\/person\/image\/","url":"https:\/\/secure.gravatar.com\/avatar\/9d1de5457b139edf6366e02182f22397?s=96&d=mm&r=g","contentUrl":"https:\/\/secure.gravatar.com\/avatar\/9d1de5457b139edf6366e02182f22397?s=96&d=mm&r=g","caption":"admin"},"url":"https:\/\/www.basketbalolomouc.eu\/?author=1"}]}},"_links":{"self":[{"href":"https:\/\/www.basketbalolomouc.eu\/index.php?rest_route=\/wp\/v2\/posts\/4744","targetHints":{"allow":["GET"]}}],"collection":[{"href":"https:\/\/www.basketbalolomouc.eu\/index.php?rest_route=\/wp\/v2\/posts"}],"about":[{"href":"https:\/\/www.basketbalolomouc.eu\/index.php?rest_route=\/wp\/v2\/types\/post"}],"author":[{"embeddable":true,"href":"https:\/\/www.basketbalolomouc.eu\/index.php?rest_route=\/wp\/v2\/users\/1"}],"replies":[{"embeddable":true,"href":"https:\/\/www.basketbalolomouc.eu\/index.php?rest_route=%2Fwp%2Fv2%2Fcomments&post=4744"}],"version-history":[{"count":1,"href":"https:\/\/www.basketbalolomouc.eu\/index.php?rest_route=\/wp\/v2\/posts\/4744\/revisions"}],"predecessor-version":[{"id":4746,"href":"https:\/\/www.basketbalolomouc.eu\/index.php?rest_route=\/wp\/v2\/posts\/4744\/revisions\/4746"}],"wp:featuredmedia":[{"embeddable":true,"href":"https:\/\/www.basketbalolomouc.eu\/index.php?rest_route=\/wp\/v2\/media\/4749"}],"wp:attachment":[{"href":"https:\/\/www.basketbalolomouc.eu\/index.php?rest_route=%2Fwp%2Fv2%2Fmedia&parent=4744"}],"wp:term":[{"taxonomy":"category","embeddable":true,"href":"https:\/\/www.basketbalolomouc.eu\/index.php?rest_route=%2Fwp%2Fv2%2Fcategories&post=4744"},{"taxonomy":"post_tag","embeddable":true,"href":"https:\/\/www.basketbalolomouc.eu\/index.php?rest_route=%2Fwp%2Fv2%2Ftags&post=4744"}],"curies":[{"name":"wp","href":"https:\/\/api.w.org\/{rel}","templated":true}]}}