{"id":4729,"date":"2025-12-14T21:50:48","date_gmt":"2025-12-14T20:50:48","guid":{"rendered":"https:\/\/www.basketbalolomouc.eu\/?p=4729"},"modified":"2026-02-10T13:30:52","modified_gmt":"2026-02-10T12:30:52","slug":"vezeme-si-2-body-z-brna","status":"publish","type":"post","link":"https:\/\/www.basketbalolomouc.eu\/?p=4729","title":{"rendered":"Vezeme si 2 body z Brna"},"content":{"rendered":"\n<p>Basketbal Olomouc si p\u0159ipsal cenn\u00e9 venkovn\u00ed v\u00edt\u011bzstv\u00ed na palubovce BASKET Brno U23, kde zv\u00edt\u011bzil 86:78. Z\u00e1klad \u00fasp\u011bchu polo\u017eili host\u00e9 u\u017e v \u00favodn\u00ed \u010dtvrtin\u011b, do kter\u00e9 vstoupili aktivn\u011b a s vysokou \u00fasp\u011b\u0161nost\u00ed v \u00fatoku. Vypracovan\u00fd n\u00e1skok se uk\u00e1zal jako kl\u00ed\u010dov\u00fd, proto\u017ee i p\u0159es postupn\u00e9 zlep\u0161en\u00ed hry dom\u00e1c\u00edho t\u00fdmu si Olomouc dok\u00e1zala udr\u017eet veden\u00ed po cel\u00fd pr\u016fb\u011bh prvn\u00ed poloviny utk\u00e1n\u00ed.<\/p>\n\n\n\n<p>Ve druh\u00e9m polo\u010dase se hra vyrovnala a tempo z\u00e1pasu bylo oboustrann\u011b vyv\u00e1\u017een\u00e9. Mlad\u00fd t\u00fdm Brna se sna\u017eil o sn\u00ed\u017een\u00ed rozd\u00edlu ve sk\u00f3re, Olomouc v\u0161ak zachovala hern\u00ed discipl\u00ednu a kontrolovala v\u00fdvoj utk\u00e1n\u00ed. D\u00edky konzistentn\u00edmu v\u00fdkonu na obou polovin\u00e1ch h\u0159i\u0161t\u011b si host\u00e9 do\u0161li pro zaslou\u017eenou v\u00fdhru, kter\u00e1 je d\u016fle\u017eit\u00fdm krokem v dal\u0161\u00edm pr\u016fb\u011bhu sout\u011b\u017ee.<\/p>\n\n\n\n<figure class=\"wp-block-image size-large\"><img fetchpriority=\"high\" decoding=\"async\" width=\"1024\" height=\"458\" src=\"https:\/\/www.basketbalolomouc.eu\/wp-content\/uploads\/2025\/12\/Snimek-obrazovky-2025-12-14-215007-1024x458.png\" alt=\"\" class=\"wp-image-4730\" srcset=\"https:\/\/www.basketbalolomouc.eu\/wp-content\/uploads\/2025\/12\/Snimek-obrazovky-2025-12-14-215007-1024x458.png 1024w, https:\/\/www.basketbalolomouc.eu\/wp-content\/uploads\/2025\/12\/Snimek-obrazovky-2025-12-14-215007-300x134.png 300w, https:\/\/www.basketbalolomouc.eu\/wp-content\/uploads\/2025\/12\/Snimek-obrazovky-2025-12-14-215007-768x343.png 768w, https:\/\/www.basketbalolomouc.eu\/wp-content\/uploads\/2025\/12\/Snimek-obrazovky-2025-12-14-215007-1536x687.png 1536w, https:\/\/www.basketbalolomouc.eu\/wp-content\/uploads\/2025\/12\/Snimek-obrazovky-2025-12-14-215007-2048x916.png 2048w\" sizes=\"(max-width: 1024px) 100vw, 1024px\" \/><\/figure>\n","protected":false},"excerpt":{"rendered":"<p>Basketbal Olomouc si p\u0159ipsal cenn\u00e9 venkovn\u00ed v\u00edt\u011bzstv\u00ed na palubovce BASKET Brno U23, kde zv\u00edt\u011bzil 86:78. Z\u00e1klad \u00fasp\u011bchu polo\u017eili host\u00e9 u\u017e v \u00favodn\u00ed \u010dtvrtin\u011b, do kter\u00e9 vstoupili aktivn\u011b a s vysokou \u00fasp\u011b\u0161nost\u00ed v \u00fatoku. Vypracovan\u00fd n\u00e1skok se uk\u00e1zal jako kl\u00ed\u010dov\u00fd, proto\u017ee i p\u0159es postupn\u00e9 zlep\u0161en\u00ed hry dom\u00e1c\u00edho t\u00fdmu si Olomouc dok\u00e1zala udr\u017eet veden\u00ed po cel\u00fd pr\u016fb\u011bh &hellip;<\/p>\n<p class=\"read-more\"> <a class=\"\" href=\"https:\/\/www.basketbalolomouc.eu\/?p=4729\"> <span class=\"screen-reader-text\">Vezeme si 2 body z Brna<\/span> Pokra\u010dovat ve \u010dten\u00ed &raquo;<\/a><\/p>\n","protected":false},"author":1,"featured_media":4732,"comment_status":"open","ping_status":"open","sticky":false,"template":"","format":"standard","meta":{"wp_popup_display_lightbox":0,"wp_popup_suppress":"","wp_popup_trigger":"","wp_popup_trigger_amount":0,"wp_popup_disable_on_mobile":false,"ngg_post_thumbnail":0,"footnotes":""},"categories":[1],"tags":[],"class_list":["post-4729","post","type-post","status-publish","format-standard","has-post-thumbnail","hentry","category-nezarazene"],"yoast_head":"<!-- This site is optimized with the Yoast SEO plugin v24.0 - https:\/\/yoast.com\/wordpress\/plugins\/seo\/ -->\n<title>Vezeme si 2 body z Brna - Basketbal Olomouc<\/title>\n<meta name=\"robots\" content=\"index, follow, max-snippet:-1, max-image-preview:large, max-video-preview:-1\" \/>\n<link rel=\"canonical\" href=\"https:\/\/www.basketbalolomouc.eu\/?p=4729\" \/>\n<meta property=\"og:locale\" content=\"cs_CZ\" \/>\n<meta property=\"og:type\" content=\"article\" \/>\n<meta property=\"og:title\" content=\"Vezeme si 2 body z Brna - Basketbal Olomouc\" \/>\n<meta property=\"og:description\" content=\"Basketbal Olomouc si p\u0159ipsal cenn\u00e9 venkovn\u00ed v\u00edt\u011bzstv\u00ed na palubovce BASKET Brno U23, kde zv\u00edt\u011bzil 86:78. Z\u00e1klad \u00fasp\u011bchu polo\u017eili host\u00e9 u\u017e v \u00favodn\u00ed \u010dtvrtin\u011b, do kter\u00e9 vstoupili aktivn\u011b a s vysokou \u00fasp\u011b\u0161nost\u00ed v \u00fatoku. Vypracovan\u00fd n\u00e1skok se uk\u00e1zal jako kl\u00ed\u010dov\u00fd, proto\u017ee i p\u0159es postupn\u00e9 zlep\u0161en\u00ed hry dom\u00e1c\u00edho t\u00fdmu si Olomouc dok\u00e1zala udr\u017eet veden\u00ed po cel\u00fd pr\u016fb\u011bh &hellip; Vezeme si 2 body z Brna Pokra\u010dovat ve \u010dten\u00ed &raquo;\" \/>\n<meta property=\"og:url\" content=\"https:\/\/www.basketbalolomouc.eu\/?p=4729\" \/>\n<meta property=\"og:site_name\" content=\"Basketbal Olomouc\" \/>\n<meta property=\"article:publisher\" content=\"https:\/\/www.facebook.com\/BasketbalOlomouc\/\" \/>\n<meta property=\"article:published_time\" content=\"2025-12-14T20:50:48+00:00\" \/>\n<meta property=\"article:modified_time\" content=\"2026-02-10T12:30:52+00:00\" \/>\n<meta property=\"og:image\" content=\"http:\/\/www.basketbalolomouc.eu\/wp-content\/uploads\/2025\/12\/ChatGPT-Image-14.-12.-2025-21_59_14.jpg\" \/>\n\t<meta property=\"og:image:width\" content=\"1536\" \/>\n\t<meta property=\"og:image:height\" content=\"1024\" \/>\n\t<meta property=\"og:image:type\" content=\"image\/jpeg\" \/>\n<meta name=\"author\" content=\"admin\" \/>\n<meta name=\"twitter:card\" content=\"summary_large_image\" \/>\n<meta name=\"twitter:label1\" content=\"Napsal(a)\" \/>\n\t<meta name=\"twitter:data1\" content=\"admin\" \/>\n\t<meta name=\"twitter:label2\" content=\"Odhadovan\u00e1 doba \u010dten\u00ed\" \/>\n\t<meta name=\"twitter:data2\" content=\"2 minuty\" \/>\n<script type=\"application\/ld+json\" class=\"yoast-schema-graph\">{\"@context\":\"https:\/\/schema.org\",\"@graph\":[{\"@type\":\"Article\",\"@id\":\"https:\/\/www.basketbalolomouc.eu\/?p=4729#article\",\"isPartOf\":{\"@id\":\"https:\/\/www.basketbalolomouc.eu\/?p=4729\"},\"author\":{\"name\":\"admin\",\"@id\":\"https:\/\/www.basketbalolomouc.eu\/#\/schema\/person\/55f3f9c30c429ebe52d080eadc3ca07c\"},\"headline\":\"Vezeme si 2 body z Brna\",\"datePublished\":\"2025-12-14T20:50:48+00:00\",\"dateModified\":\"2026-02-10T12:30:52+00:00\",\"mainEntityOfPage\":{\"@id\":\"https:\/\/www.basketbalolomouc.eu\/?p=4729\"},\"wordCount\":166,\"commentCount\":0,\"publisher\":{\"@id\":\"https:\/\/www.basketbalolomouc.eu\/#organization\"},\"image\":{\"@id\":\"https:\/\/www.basketbalolomouc.eu\/?p=4729#primaryimage\"},\"thumbnailUrl\":\"https:\/\/www.basketbalolomouc.eu\/wp-content\/uploads\/2025\/12\/ChatGPT-Image-14.-12.-2025-21_59_14.jpg\",\"inLanguage\":\"cs\",\"potentialAction\":[{\"@type\":\"CommentAction\",\"name\":\"Comment\",\"target\":[\"https:\/\/www.basketbalolomouc.eu\/?p=4729#respond\"]}]},{\"@type\":\"WebPage\",\"@id\":\"https:\/\/www.basketbalolomouc.eu\/?p=4729\",\"url\":\"https:\/\/www.basketbalolomouc.eu\/?p=4729\",\"name\":\"Vezeme si 2 body z Brna - Basketbal Olomouc\",\"isPartOf\":{\"@id\":\"https:\/\/www.basketbalolomouc.eu\/#website\"},\"primaryImageOfPage\":{\"@id\":\"https:\/\/www.basketbalolomouc.eu\/?p=4729#primaryimage\"},\"image\":{\"@id\":\"https:\/\/www.basketbalolomouc.eu\/?p=4729#primaryimage\"},\"thumbnailUrl\":\"https:\/\/www.basketbalolomouc.eu\/wp-content\/uploads\/2025\/12\/ChatGPT-Image-14.-12.-2025-21_59_14.jpg\",\"datePublished\":\"2025-12-14T20:50:48+00:00\",\"dateModified\":\"2026-02-10T12:30:52+00:00\",\"breadcrumb\":{\"@id\":\"https:\/\/www.basketbalolomouc.eu\/?p=4729#breadcrumb\"},\"inLanguage\":\"cs\",\"potentialAction\":[{\"@type\":\"ReadAction\",\"target\":[\"https:\/\/www.basketbalolomouc.eu\/?p=4729\"]}]},{\"@type\":\"ImageObject\",\"inLanguage\":\"cs\",\"@id\":\"https:\/\/www.basketbalolomouc.eu\/?p=4729#primaryimage\",\"url\":\"https:\/\/www.basketbalolomouc.eu\/wp-content\/uploads\/2025\/12\/ChatGPT-Image-14.-12.-2025-21_59_14.jpg\",\"contentUrl\":\"https:\/\/www.basketbalolomouc.eu\/wp-content\/uploads\/2025\/12\/ChatGPT-Image-14.-12.-2025-21_59_14.jpg\",\"width\":1536,\"height\":1024},{\"@type\":\"BreadcrumbList\",\"@id\":\"https:\/\/www.basketbalolomouc.eu\/?p=4729#breadcrumb\",\"itemListElement\":[{\"@type\":\"ListItem\",\"position\":1,\"name\":\"Dom\u016f\",\"item\":\"https:\/\/www.basketbalolomouc.eu\/\"},{\"@type\":\"ListItem\",\"position\":2,\"name\":\"Vezeme si 2 body z Brna\"}]},{\"@type\":\"WebSite\",\"@id\":\"https:\/\/www.basketbalolomouc.eu\/#website\",\"url\":\"https:\/\/www.basketbalolomouc.eu\/\",\"name\":\"Basketbal Olomouc\",\"description\":\"Basketbalov\u00fd klub\",\"publisher\":{\"@id\":\"https:\/\/www.basketbalolomouc.eu\/#organization\"},\"potentialAction\":[{\"@type\":\"SearchAction\",\"target\":{\"@type\":\"EntryPoint\",\"urlTemplate\":\"https:\/\/www.basketbalolomouc.eu\/?s={search_term_string}\"},\"query-input\":{\"@type\":\"PropertyValueSpecification\",\"valueRequired\":true,\"valueName\":\"search_term_string\"}}],\"inLanguage\":\"cs\"},{\"@type\":\"Organization\",\"@id\":\"https:\/\/www.basketbalolomouc.eu\/#organization\",\"name\":\"Basketbal Olomouc\",\"url\":\"https:\/\/www.basketbalolomouc.eu\/\",\"logo\":{\"@type\":\"ImageObject\",\"inLanguage\":\"cs\",\"@id\":\"https:\/\/www.basketbalolomouc.eu\/#\/schema\/logo\/image\/\",\"url\":\"http:\/\/www.basketbalolomouc.eu\/wp-content\/uploads\/2018\/08\/logo_basketbal_olomouc.jpg\",\"contentUrl\":\"http:\/\/www.basketbalolomouc.eu\/wp-content\/uploads\/2018\/08\/logo_basketbal_olomouc.jpg\",\"width\":1180,\"height\":1180,\"caption\":\"Basketbal Olomouc\"},\"image\":{\"@id\":\"https:\/\/www.basketbalolomouc.eu\/#\/schema\/logo\/image\/\"},\"sameAs\":[\"https:\/\/www.facebook.com\/BasketbalOlomouc\/\"]},{\"@type\":\"Person\",\"@id\":\"https:\/\/www.basketbalolomouc.eu\/#\/schema\/person\/55f3f9c30c429ebe52d080eadc3ca07c\",\"name\":\"admin\",\"image\":{\"@type\":\"ImageObject\",\"inLanguage\":\"cs\",\"@id\":\"https:\/\/www.basketbalolomouc.eu\/#\/schema\/person\/image\/\",\"url\":\"https:\/\/secure.gravatar.com\/avatar\/9d1de5457b139edf6366e02182f22397?s=96&d=mm&r=g\",\"contentUrl\":\"https:\/\/secure.gravatar.com\/avatar\/9d1de5457b139edf6366e02182f22397?s=96&d=mm&r=g\",\"caption\":\"admin\"},\"url\":\"https:\/\/www.basketbalolomouc.eu\/?author=1\"}]}<\/script>\n<!-- \/ Yoast SEO plugin. -->","yoast_head_json":{"title":"Vezeme si 2 body z Brna - Basketbal Olomouc","robots":{"index":"index","follow":"follow","max-snippet":"max-snippet:-1","max-image-preview":"max-image-preview:large","max-video-preview":"max-video-preview:-1"},"canonical":"https:\/\/www.basketbalolomouc.eu\/?p=4729","og_locale":"cs_CZ","og_type":"article","og_title":"Vezeme si 2 body z Brna - Basketbal Olomouc","og_description":"Basketbal Olomouc si p\u0159ipsal cenn\u00e9 venkovn\u00ed v\u00edt\u011bzstv\u00ed na palubovce BASKET Brno U23, kde zv\u00edt\u011bzil 86:78. Z\u00e1klad \u00fasp\u011bchu polo\u017eili host\u00e9 u\u017e v \u00favodn\u00ed \u010dtvrtin\u011b, do kter\u00e9 vstoupili aktivn\u011b a s vysokou \u00fasp\u011b\u0161nost\u00ed v \u00fatoku. Vypracovan\u00fd n\u00e1skok se uk\u00e1zal jako kl\u00ed\u010dov\u00fd, proto\u017ee i p\u0159es postupn\u00e9 zlep\u0161en\u00ed hry dom\u00e1c\u00edho t\u00fdmu si Olomouc dok\u00e1zala udr\u017eet veden\u00ed po cel\u00fd pr\u016fb\u011bh &hellip; Vezeme si 2 body z Brna Pokra\u010dovat ve \u010dten\u00ed &raquo;","og_url":"https:\/\/www.basketbalolomouc.eu\/?p=4729","og_site_name":"Basketbal Olomouc","article_publisher":"https:\/\/www.facebook.com\/BasketbalOlomouc\/","article_published_time":"2025-12-14T20:50:48+00:00","article_modified_time":"2026-02-10T12:30:52+00:00","og_image":[{"width":1536,"height":1024,"url":"http:\/\/www.basketbalolomouc.eu\/wp-content\/uploads\/2025\/12\/ChatGPT-Image-14.-12.-2025-21_59_14.jpg","type":"image\/jpeg"}],"author":"admin","twitter_card":"summary_large_image","twitter_misc":{"Napsal(a)":"admin","Odhadovan\u00e1 doba \u010dten\u00ed":"2 minuty"},"schema":{"@context":"https:\/\/schema.org","@graph":[{"@type":"Article","@id":"https:\/\/www.basketbalolomouc.eu\/?p=4729#article","isPartOf":{"@id":"https:\/\/www.basketbalolomouc.eu\/?p=4729"},"author":{"name":"admin","@id":"https:\/\/www.basketbalolomouc.eu\/#\/schema\/person\/55f3f9c30c429ebe52d080eadc3ca07c"},"headline":"Vezeme si 2 body z Brna","datePublished":"2025-12-14T20:50:48+00:00","dateModified":"2026-02-10T12:30:52+00:00","mainEntityOfPage":{"@id":"https:\/\/www.basketbalolomouc.eu\/?p=4729"},"wordCount":166,"commentCount":0,"publisher":{"@id":"https:\/\/www.basketbalolomouc.eu\/#organization"},"image":{"@id":"https:\/\/www.basketbalolomouc.eu\/?p=4729#primaryimage"},"thumbnailUrl":"https:\/\/www.basketbalolomouc.eu\/wp-content\/uploads\/2025\/12\/ChatGPT-Image-14.-12.-2025-21_59_14.jpg","inLanguage":"cs","potentialAction":[{"@type":"CommentAction","name":"Comment","target":["https:\/\/www.basketbalolomouc.eu\/?p=4729#respond"]}]},{"@type":"WebPage","@id":"https:\/\/www.basketbalolomouc.eu\/?p=4729","url":"https:\/\/www.basketbalolomouc.eu\/?p=4729","name":"Vezeme si 2 body z Brna - Basketbal Olomouc","isPartOf":{"@id":"https:\/\/www.basketbalolomouc.eu\/#website"},"primaryImageOfPage":{"@id":"https:\/\/www.basketbalolomouc.eu\/?p=4729#primaryimage"},"image":{"@id":"https:\/\/www.basketbalolomouc.eu\/?p=4729#primaryimage"},"thumbnailUrl":"https:\/\/www.basketbalolomouc.eu\/wp-content\/uploads\/2025\/12\/ChatGPT-Image-14.-12.-2025-21_59_14.jpg","datePublished":"2025-12-14T20:50:48+00:00","dateModified":"2026-02-10T12:30:52+00:00","breadcrumb":{"@id":"https:\/\/www.basketbalolomouc.eu\/?p=4729#breadcrumb"},"inLanguage":"cs","potentialAction":[{"@type":"ReadAction","target":["https:\/\/www.basketbalolomouc.eu\/?p=4729"]}]},{"@type":"ImageObject","inLanguage":"cs","@id":"https:\/\/www.basketbalolomouc.eu\/?p=4729#primaryimage","url":"https:\/\/www.basketbalolomouc.eu\/wp-content\/uploads\/2025\/12\/ChatGPT-Image-14.-12.-2025-21_59_14.jpg","contentUrl":"https:\/\/www.basketbalolomouc.eu\/wp-content\/uploads\/2025\/12\/ChatGPT-Image-14.-12.-2025-21_59_14.jpg","width":1536,"height":1024},{"@type":"BreadcrumbList","@id":"https:\/\/www.basketbalolomouc.eu\/?p=4729#breadcrumb","itemListElement":[{"@type":"ListItem","position":1,"name":"Dom\u016f","item":"https:\/\/www.basketbalolomouc.eu\/"},{"@type":"ListItem","position":2,"name":"Vezeme si 2 body z Brna"}]},{"@type":"WebSite","@id":"https:\/\/www.basketbalolomouc.eu\/#website","url":"https:\/\/www.basketbalolomouc.eu\/","name":"Basketbal Olomouc","description":"Basketbalov\u00fd klub","publisher":{"@id":"https:\/\/www.basketbalolomouc.eu\/#organization"},"potentialAction":[{"@type":"SearchAction","target":{"@type":"EntryPoint","urlTemplate":"https:\/\/www.basketbalolomouc.eu\/?s={search_term_string}"},"query-input":{"@type":"PropertyValueSpecification","valueRequired":true,"valueName":"search_term_string"}}],"inLanguage":"cs"},{"@type":"Organization","@id":"https:\/\/www.basketbalolomouc.eu\/#organization","name":"Basketbal Olomouc","url":"https:\/\/www.basketbalolomouc.eu\/","logo":{"@type":"ImageObject","inLanguage":"cs","@id":"https:\/\/www.basketbalolomouc.eu\/#\/schema\/logo\/image\/","url":"http:\/\/www.basketbalolomouc.eu\/wp-content\/uploads\/2018\/08\/logo_basketbal_olomouc.jpg","contentUrl":"http:\/\/www.basketbalolomouc.eu\/wp-content\/uploads\/2018\/08\/logo_basketbal_olomouc.jpg","width":1180,"height":1180,"caption":"Basketbal Olomouc"},"image":{"@id":"https:\/\/www.basketbalolomouc.eu\/#\/schema\/logo\/image\/"},"sameAs":["https:\/\/www.facebook.com\/BasketbalOlomouc\/"]},{"@type":"Person","@id":"https:\/\/www.basketbalolomouc.eu\/#\/schema\/person\/55f3f9c30c429ebe52d080eadc3ca07c","name":"admin","image":{"@type":"ImageObject","inLanguage":"cs","@id":"https:\/\/www.basketbalolomouc.eu\/#\/schema\/person\/image\/","url":"https:\/\/secure.gravatar.com\/avatar\/9d1de5457b139edf6366e02182f22397?s=96&d=mm&r=g","contentUrl":"https:\/\/secure.gravatar.com\/avatar\/9d1de5457b139edf6366e02182f22397?s=96&d=mm&r=g","caption":"admin"},"url":"https:\/\/www.basketbalolomouc.eu\/?author=1"}]}},"_links":{"self":[{"href":"https:\/\/www.basketbalolomouc.eu\/index.php?rest_route=\/wp\/v2\/posts\/4729","targetHints":{"allow":["GET"]}}],"collection":[{"href":"https:\/\/www.basketbalolomouc.eu\/index.php?rest_route=\/wp\/v2\/posts"}],"about":[{"href":"https:\/\/www.basketbalolomouc.eu\/index.php?rest_route=\/wp\/v2\/types\/post"}],"author":[{"embeddable":true,"href":"https:\/\/www.basketbalolomouc.eu\/index.php?rest_route=\/wp\/v2\/users\/1"}],"replies":[{"embeddable":true,"href":"https:\/\/www.basketbalolomouc.eu\/index.php?rest_route=%2Fwp%2Fv2%2Fcomments&post=4729"}],"version-history":[{"count":1,"href":"https:\/\/www.basketbalolomouc.eu\/index.php?rest_route=\/wp\/v2\/posts\/4729\/revisions"}],"predecessor-version":[{"id":4731,"href":"https:\/\/www.basketbalolomouc.eu\/index.php?rest_route=\/wp\/v2\/posts\/4729\/revisions\/4731"}],"wp:featuredmedia":[{"embeddable":true,"href":"https:\/\/www.basketbalolomouc.eu\/index.php?rest_route=\/wp\/v2\/media\/4732"}],"wp:attachment":[{"href":"https:\/\/www.basketbalolomouc.eu\/index.php?rest_route=%2Fwp%2Fv2%2Fmedia&parent=4729"}],"wp:term":[{"taxonomy":"category","embeddable":true,"href":"https:\/\/www.basketbalolomouc.eu\/index.php?rest_route=%2Fwp%2Fv2%2Fcategories&post=4729"},{"taxonomy":"post_tag","embeddable":true,"href":"https:\/\/www.basketbalolomouc.eu\/index.php?rest_route=%2Fwp%2Fv2%2Ftags&post=4729"}],"curies":[{"name":"wp","href":"https:\/\/api.w.org\/{rel}","templated":true}]}}