{"id":4695,"date":"2025-11-11T12:01:17","date_gmt":"2025-11-11T11:01:17","guid":{"rendered":"https:\/\/www.basketbalolomouc.eu\/?p=4695"},"modified":"2025-12-20T08:11:57","modified_gmt":"2025-12-20T07:11:57","slug":"trener-benacek-konci","status":"publish","type":"post","link":"https:\/\/www.basketbalolomouc.eu\/?p=4695","title":{"rendered":"Tren\u00e9r Bena\u010dek kon\u010d\u00ed."},"content":{"rendered":"\n<hr class=\"wp-block-separator has-alpha-channel-opacity\"\/>\n\n\n\n<h3 class=\"wp-block-heading\">Ozn\u00e1men\u00ed klubu<\/h3>\n\n\n\n<p>Basketbal Olomouc a tren\u00e9r <strong>Predrag Bena\u010dek<\/strong> se po vz\u00e1jemn\u00e9 dohod\u011b roze\u0161li.<br>D\u016fvodem ukon\u010den\u00ed spolupr\u00e1ce je <strong>tren\u00e9r\u016fv zdravotn\u00ed stav<\/strong>.<\/p>\n\n\n\n<p>Klub d\u011bkuje Predragu Bena\u010dkovi za jeho pr\u00e1ci a p\u0159\u00ednos pro olomouck\u00fd basketbal.<br>Tren\u00e9r Bena\u010dek klubu i hr\u00e1\u010d\u016fm p\u0159eje do dal\u0161\u00edch z\u00e1pas\u016f <strong>mnoho \u00fasp\u011bch\u016f a sportovn\u00edho \u0161t\u011bst\u00ed<\/strong>.<\/p>\n\n\n\n<p>Basketbal Olomouc mu z\u00e1rove\u0148 p\u0159eje <strong>brzk\u00e9 uzdraven\u00ed a pevn\u00e9 zdrav\u00ed<\/strong> do dal\u0161\u00edch dn\u00ed.<\/p>\n\n\n\n<hr class=\"wp-block-separator has-alpha-channel-opacity\"\/>\n\n\n\n<p>Chce\u0161, abych text je\u0161t\u011b zkr\u00e1til nebo upravil t\u00f3n (nap\u0159. v\u00edc form\u00e1ln\u00ed pro tiskovou zpr\u00e1vu, nebo sp\u00ed\u0161 osobn\u00ed pro Facebook)?<\/p>\n","protected":false},"excerpt":{"rendered":"<p>Ozn\u00e1men\u00ed klubu Basketbal Olomouc a tren\u00e9r Predrag Bena\u010dek se po vz\u00e1jemn\u00e9 dohod\u011b roze\u0161li.D\u016fvodem ukon\u010den\u00ed spolupr\u00e1ce je tren\u00e9r\u016fv zdravotn\u00ed stav. Klub d\u011bkuje Predragu Bena\u010dkovi za jeho pr\u00e1ci a p\u0159\u00ednos pro olomouck\u00fd basketbal.Tren\u00e9r Bena\u010dek klubu i hr\u00e1\u010d\u016fm p\u0159eje do dal\u0161\u00edch z\u00e1pas\u016f mnoho \u00fasp\u011bch\u016f a sportovn\u00edho \u0161t\u011bst\u00ed. Basketbal Olomouc mu z\u00e1rove\u0148 p\u0159eje brzk\u00e9 uzdraven\u00ed a pevn\u00e9 zdrav\u00ed do &hellip;<\/p>\n<p class=\"read-more\"> <a class=\"\" href=\"https:\/\/www.basketbalolomouc.eu\/?p=4695\"> <span class=\"screen-reader-text\">Tren\u00e9r Bena\u010dek kon\u010d\u00ed.<\/span> Pokra\u010dovat ve \u010dten\u00ed &raquo;<\/a><\/p>\n","protected":false},"author":1,"featured_media":4699,"comment_status":"open","ping_status":"open","sticky":false,"template":"","format":"standard","meta":{"wp_popup_display_lightbox":0,"wp_popup_suppress":"","wp_popup_trigger":"","wp_popup_trigger_amount":0,"wp_popup_disable_on_mobile":false,"ngg_post_thumbnail":0,"footnotes":""},"categories":[1],"tags":[],"class_list":["post-4695","post","type-post","status-publish","format-standard","has-post-thumbnail","hentry","category-nezarazene"],"yoast_head":"<!-- This site is optimized with the Yoast SEO plugin v24.0 - https:\/\/yoast.com\/wordpress\/plugins\/seo\/ -->\n<title>Tren\u00e9r Bena\u010dek kon\u010d\u00ed. - Basketbal Olomouc<\/title>\n<meta name=\"robots\" content=\"index, follow, max-snippet:-1, max-image-preview:large, max-video-preview:-1\" \/>\n<link rel=\"canonical\" href=\"https:\/\/www.basketbalolomouc.eu\/?p=4695\" \/>\n<meta property=\"og:locale\" content=\"cs_CZ\" \/>\n<meta property=\"og:type\" content=\"article\" \/>\n<meta property=\"og:title\" content=\"Tren\u00e9r Bena\u010dek kon\u010d\u00ed. - Basketbal Olomouc\" \/>\n<meta property=\"og:description\" content=\"Ozn\u00e1men\u00ed klubu Basketbal Olomouc a tren\u00e9r Predrag Bena\u010dek se po vz\u00e1jemn\u00e9 dohod\u011b roze\u0161li.D\u016fvodem ukon\u010den\u00ed spolupr\u00e1ce je tren\u00e9r\u016fv zdravotn\u00ed stav. Klub d\u011bkuje Predragu Bena\u010dkovi za jeho pr\u00e1ci a p\u0159\u00ednos pro olomouck\u00fd basketbal.Tren\u00e9r Bena\u010dek klubu i hr\u00e1\u010d\u016fm p\u0159eje do dal\u0161\u00edch z\u00e1pas\u016f mnoho \u00fasp\u011bch\u016f a sportovn\u00edho \u0161t\u011bst\u00ed. Basketbal Olomouc mu z\u00e1rove\u0148 p\u0159eje brzk\u00e9 uzdraven\u00ed a pevn\u00e9 zdrav\u00ed do &hellip; Tren\u00e9r Bena\u010dek kon\u010d\u00ed. Pokra\u010dovat ve \u010dten\u00ed &raquo;\" \/>\n<meta property=\"og:url\" content=\"https:\/\/www.basketbalolomouc.eu\/?p=4695\" \/>\n<meta property=\"og:site_name\" content=\"Basketbal Olomouc\" \/>\n<meta property=\"article:publisher\" content=\"https:\/\/www.facebook.com\/BasketbalOlomouc\/\" \/>\n<meta property=\"article:published_time\" content=\"2025-11-11T11:01:17+00:00\" \/>\n<meta property=\"article:modified_time\" content=\"2025-12-20T07:11:57+00:00\" \/>\n<meta property=\"og:image\" content=\"http:\/\/www.basketbalolomouc.eu\/wp-content\/uploads\/2025\/11\/DEKUJEME-PREDRAG.jpg\" \/>\n\t<meta property=\"og:image:width\" content=\"1600\" \/>\n\t<meta property=\"og:image:height\" content=\"1128\" \/>\n\t<meta property=\"og:image:type\" content=\"image\/jpeg\" \/>\n<meta name=\"author\" content=\"admin\" \/>\n<meta name=\"twitter:card\" content=\"summary_large_image\" \/>\n<meta name=\"twitter:label1\" content=\"Napsal(a)\" \/>\n\t<meta name=\"twitter:data1\" content=\"admin\" \/>\n\t<meta name=\"twitter:label2\" content=\"Odhadovan\u00e1 doba \u010dten\u00ed\" \/>\n\t<meta name=\"twitter:data2\" content=\"1 minuta\" \/>\n<script type=\"application\/ld+json\" class=\"yoast-schema-graph\">{\"@context\":\"https:\/\/schema.org\",\"@graph\":[{\"@type\":\"Article\",\"@id\":\"https:\/\/www.basketbalolomouc.eu\/?p=4695#article\",\"isPartOf\":{\"@id\":\"https:\/\/www.basketbalolomouc.eu\/?p=4695\"},\"author\":{\"name\":\"admin\",\"@id\":\"https:\/\/www.basketbalolomouc.eu\/#\/schema\/person\/55f3f9c30c429ebe52d080eadc3ca07c\"},\"headline\":\"Tren\u00e9r Bena\u010dek kon\u010d\u00ed.\",\"datePublished\":\"2025-11-11T11:01:17+00:00\",\"dateModified\":\"2025-12-20T07:11:57+00:00\",\"mainEntityOfPage\":{\"@id\":\"https:\/\/www.basketbalolomouc.eu\/?p=4695\"},\"wordCount\":115,\"commentCount\":0,\"publisher\":{\"@id\":\"https:\/\/www.basketbalolomouc.eu\/#organization\"},\"image\":{\"@id\":\"https:\/\/www.basketbalolomouc.eu\/?p=4695#primaryimage\"},\"thumbnailUrl\":\"https:\/\/www.basketbalolomouc.eu\/wp-content\/uploads\/2025\/11\/DEKUJEME-PREDRAG.jpg\",\"inLanguage\":\"cs\",\"potentialAction\":[{\"@type\":\"CommentAction\",\"name\":\"Comment\",\"target\":[\"https:\/\/www.basketbalolomouc.eu\/?p=4695#respond\"]}]},{\"@type\":\"WebPage\",\"@id\":\"https:\/\/www.basketbalolomouc.eu\/?p=4695\",\"url\":\"https:\/\/www.basketbalolomouc.eu\/?p=4695\",\"name\":\"Tren\u00e9r Bena\u010dek kon\u010d\u00ed. - Basketbal Olomouc\",\"isPartOf\":{\"@id\":\"https:\/\/www.basketbalolomouc.eu\/#website\"},\"primaryImageOfPage\":{\"@id\":\"https:\/\/www.basketbalolomouc.eu\/?p=4695#primaryimage\"},\"image\":{\"@id\":\"https:\/\/www.basketbalolomouc.eu\/?p=4695#primaryimage\"},\"thumbnailUrl\":\"https:\/\/www.basketbalolomouc.eu\/wp-content\/uploads\/2025\/11\/DEKUJEME-PREDRAG.jpg\",\"datePublished\":\"2025-11-11T11:01:17+00:00\",\"dateModified\":\"2025-12-20T07:11:57+00:00\",\"breadcrumb\":{\"@id\":\"https:\/\/www.basketbalolomouc.eu\/?p=4695#breadcrumb\"},\"inLanguage\":\"cs\",\"potentialAction\":[{\"@type\":\"ReadAction\",\"target\":[\"https:\/\/www.basketbalolomouc.eu\/?p=4695\"]}]},{\"@type\":\"ImageObject\",\"inLanguage\":\"cs\",\"@id\":\"https:\/\/www.basketbalolomouc.eu\/?p=4695#primaryimage\",\"url\":\"https:\/\/www.basketbalolomouc.eu\/wp-content\/uploads\/2025\/11\/DEKUJEME-PREDRAG.jpg\",\"contentUrl\":\"https:\/\/www.basketbalolomouc.eu\/wp-content\/uploads\/2025\/11\/DEKUJEME-PREDRAG.jpg\",\"width\":1600,\"height\":1128},{\"@type\":\"BreadcrumbList\",\"@id\":\"https:\/\/www.basketbalolomouc.eu\/?p=4695#breadcrumb\",\"itemListElement\":[{\"@type\":\"ListItem\",\"position\":1,\"name\":\"Dom\u016f\",\"item\":\"https:\/\/www.basketbalolomouc.eu\/\"},{\"@type\":\"ListItem\",\"position\":2,\"name\":\"Tren\u00e9r Bena\u010dek kon\u010d\u00ed.\"}]},{\"@type\":\"WebSite\",\"@id\":\"https:\/\/www.basketbalolomouc.eu\/#website\",\"url\":\"https:\/\/www.basketbalolomouc.eu\/\",\"name\":\"Basketbal Olomouc\",\"description\":\"Basketbalov\u00fd klub\",\"publisher\":{\"@id\":\"https:\/\/www.basketbalolomouc.eu\/#organization\"},\"potentialAction\":[{\"@type\":\"SearchAction\",\"target\":{\"@type\":\"EntryPoint\",\"urlTemplate\":\"https:\/\/www.basketbalolomouc.eu\/?s={search_term_string}\"},\"query-input\":{\"@type\":\"PropertyValueSpecification\",\"valueRequired\":true,\"valueName\":\"search_term_string\"}}],\"inLanguage\":\"cs\"},{\"@type\":\"Organization\",\"@id\":\"https:\/\/www.basketbalolomouc.eu\/#organization\",\"name\":\"Basketbal Olomouc\",\"url\":\"https:\/\/www.basketbalolomouc.eu\/\",\"logo\":{\"@type\":\"ImageObject\",\"inLanguage\":\"cs\",\"@id\":\"https:\/\/www.basketbalolomouc.eu\/#\/schema\/logo\/image\/\",\"url\":\"http:\/\/www.basketbalolomouc.eu\/wp-content\/uploads\/2018\/08\/logo_basketbal_olomouc.jpg\",\"contentUrl\":\"http:\/\/www.basketbalolomouc.eu\/wp-content\/uploads\/2018\/08\/logo_basketbal_olomouc.jpg\",\"width\":1180,\"height\":1180,\"caption\":\"Basketbal Olomouc\"},\"image\":{\"@id\":\"https:\/\/www.basketbalolomouc.eu\/#\/schema\/logo\/image\/\"},\"sameAs\":[\"https:\/\/www.facebook.com\/BasketbalOlomouc\/\"]},{\"@type\":\"Person\",\"@id\":\"https:\/\/www.basketbalolomouc.eu\/#\/schema\/person\/55f3f9c30c429ebe52d080eadc3ca07c\",\"name\":\"admin\",\"image\":{\"@type\":\"ImageObject\",\"inLanguage\":\"cs\",\"@id\":\"https:\/\/www.basketbalolomouc.eu\/#\/schema\/person\/image\/\",\"url\":\"https:\/\/secure.gravatar.com\/avatar\/9d1de5457b139edf6366e02182f22397?s=96&d=mm&r=g\",\"contentUrl\":\"https:\/\/secure.gravatar.com\/avatar\/9d1de5457b139edf6366e02182f22397?s=96&d=mm&r=g\",\"caption\":\"admin\"},\"url\":\"https:\/\/www.basketbalolomouc.eu\/?author=1\"}]}<\/script>\n<!-- \/ Yoast SEO plugin. -->","yoast_head_json":{"title":"Tren\u00e9r Bena\u010dek kon\u010d\u00ed. - Basketbal Olomouc","robots":{"index":"index","follow":"follow","max-snippet":"max-snippet:-1","max-image-preview":"max-image-preview:large","max-video-preview":"max-video-preview:-1"},"canonical":"https:\/\/www.basketbalolomouc.eu\/?p=4695","og_locale":"cs_CZ","og_type":"article","og_title":"Tren\u00e9r Bena\u010dek kon\u010d\u00ed. - Basketbal Olomouc","og_description":"Ozn\u00e1men\u00ed klubu Basketbal Olomouc a tren\u00e9r Predrag Bena\u010dek se po vz\u00e1jemn\u00e9 dohod\u011b roze\u0161li.D\u016fvodem ukon\u010den\u00ed spolupr\u00e1ce je tren\u00e9r\u016fv zdravotn\u00ed stav. Klub d\u011bkuje Predragu Bena\u010dkovi za jeho pr\u00e1ci a p\u0159\u00ednos pro olomouck\u00fd basketbal.Tren\u00e9r Bena\u010dek klubu i hr\u00e1\u010d\u016fm p\u0159eje do dal\u0161\u00edch z\u00e1pas\u016f mnoho \u00fasp\u011bch\u016f a sportovn\u00edho \u0161t\u011bst\u00ed. Basketbal Olomouc mu z\u00e1rove\u0148 p\u0159eje brzk\u00e9 uzdraven\u00ed a pevn\u00e9 zdrav\u00ed do &hellip; Tren\u00e9r Bena\u010dek kon\u010d\u00ed. Pokra\u010dovat ve \u010dten\u00ed &raquo;","og_url":"https:\/\/www.basketbalolomouc.eu\/?p=4695","og_site_name":"Basketbal Olomouc","article_publisher":"https:\/\/www.facebook.com\/BasketbalOlomouc\/","article_published_time":"2025-11-11T11:01:17+00:00","article_modified_time":"2025-12-20T07:11:57+00:00","og_image":[{"width":1600,"height":1128,"url":"http:\/\/www.basketbalolomouc.eu\/wp-content\/uploads\/2025\/11\/DEKUJEME-PREDRAG.jpg","type":"image\/jpeg"}],"author":"admin","twitter_card":"summary_large_image","twitter_misc":{"Napsal(a)":"admin","Odhadovan\u00e1 doba \u010dten\u00ed":"1 minuta"},"schema":{"@context":"https:\/\/schema.org","@graph":[{"@type":"Article","@id":"https:\/\/www.basketbalolomouc.eu\/?p=4695#article","isPartOf":{"@id":"https:\/\/www.basketbalolomouc.eu\/?p=4695"},"author":{"name":"admin","@id":"https:\/\/www.basketbalolomouc.eu\/#\/schema\/person\/55f3f9c30c429ebe52d080eadc3ca07c"},"headline":"Tren\u00e9r Bena\u010dek kon\u010d\u00ed.","datePublished":"2025-11-11T11:01:17+00:00","dateModified":"2025-12-20T07:11:57+00:00","mainEntityOfPage":{"@id":"https:\/\/www.basketbalolomouc.eu\/?p=4695"},"wordCount":115,"commentCount":0,"publisher":{"@id":"https:\/\/www.basketbalolomouc.eu\/#organization"},"image":{"@id":"https:\/\/www.basketbalolomouc.eu\/?p=4695#primaryimage"},"thumbnailUrl":"https:\/\/www.basketbalolomouc.eu\/wp-content\/uploads\/2025\/11\/DEKUJEME-PREDRAG.jpg","inLanguage":"cs","potentialAction":[{"@type":"CommentAction","name":"Comment","target":["https:\/\/www.basketbalolomouc.eu\/?p=4695#respond"]}]},{"@type":"WebPage","@id":"https:\/\/www.basketbalolomouc.eu\/?p=4695","url":"https:\/\/www.basketbalolomouc.eu\/?p=4695","name":"Tren\u00e9r Bena\u010dek kon\u010d\u00ed. - Basketbal Olomouc","isPartOf":{"@id":"https:\/\/www.basketbalolomouc.eu\/#website"},"primaryImageOfPage":{"@id":"https:\/\/www.basketbalolomouc.eu\/?p=4695#primaryimage"},"image":{"@id":"https:\/\/www.basketbalolomouc.eu\/?p=4695#primaryimage"},"thumbnailUrl":"https:\/\/www.basketbalolomouc.eu\/wp-content\/uploads\/2025\/11\/DEKUJEME-PREDRAG.jpg","datePublished":"2025-11-11T11:01:17+00:00","dateModified":"2025-12-20T07:11:57+00:00","breadcrumb":{"@id":"https:\/\/www.basketbalolomouc.eu\/?p=4695#breadcrumb"},"inLanguage":"cs","potentialAction":[{"@type":"ReadAction","target":["https:\/\/www.basketbalolomouc.eu\/?p=4695"]}]},{"@type":"ImageObject","inLanguage":"cs","@id":"https:\/\/www.basketbalolomouc.eu\/?p=4695#primaryimage","url":"https:\/\/www.basketbalolomouc.eu\/wp-content\/uploads\/2025\/11\/DEKUJEME-PREDRAG.jpg","contentUrl":"https:\/\/www.basketbalolomouc.eu\/wp-content\/uploads\/2025\/11\/DEKUJEME-PREDRAG.jpg","width":1600,"height":1128},{"@type":"BreadcrumbList","@id":"https:\/\/www.basketbalolomouc.eu\/?p=4695#breadcrumb","itemListElement":[{"@type":"ListItem","position":1,"name":"Dom\u016f","item":"https:\/\/www.basketbalolomouc.eu\/"},{"@type":"ListItem","position":2,"name":"Tren\u00e9r Bena\u010dek kon\u010d\u00ed."}]},{"@type":"WebSite","@id":"https:\/\/www.basketbalolomouc.eu\/#website","url":"https:\/\/www.basketbalolomouc.eu\/","name":"Basketbal Olomouc","description":"Basketbalov\u00fd klub","publisher":{"@id":"https:\/\/www.basketbalolomouc.eu\/#organization"},"potentialAction":[{"@type":"SearchAction","target":{"@type":"EntryPoint","urlTemplate":"https:\/\/www.basketbalolomouc.eu\/?s={search_term_string}"},"query-input":{"@type":"PropertyValueSpecification","valueRequired":true,"valueName":"search_term_string"}}],"inLanguage":"cs"},{"@type":"Organization","@id":"https:\/\/www.basketbalolomouc.eu\/#organization","name":"Basketbal Olomouc","url":"https:\/\/www.basketbalolomouc.eu\/","logo":{"@type":"ImageObject","inLanguage":"cs","@id":"https:\/\/www.basketbalolomouc.eu\/#\/schema\/logo\/image\/","url":"http:\/\/www.basketbalolomouc.eu\/wp-content\/uploads\/2018\/08\/logo_basketbal_olomouc.jpg","contentUrl":"http:\/\/www.basketbalolomouc.eu\/wp-content\/uploads\/2018\/08\/logo_basketbal_olomouc.jpg","width":1180,"height":1180,"caption":"Basketbal Olomouc"},"image":{"@id":"https:\/\/www.basketbalolomouc.eu\/#\/schema\/logo\/image\/"},"sameAs":["https:\/\/www.facebook.com\/BasketbalOlomouc\/"]},{"@type":"Person","@id":"https:\/\/www.basketbalolomouc.eu\/#\/schema\/person\/55f3f9c30c429ebe52d080eadc3ca07c","name":"admin","image":{"@type":"ImageObject","inLanguage":"cs","@id":"https:\/\/www.basketbalolomouc.eu\/#\/schema\/person\/image\/","url":"https:\/\/secure.gravatar.com\/avatar\/9d1de5457b139edf6366e02182f22397?s=96&d=mm&r=g","contentUrl":"https:\/\/secure.gravatar.com\/avatar\/9d1de5457b139edf6366e02182f22397?s=96&d=mm&r=g","caption":"admin"},"url":"https:\/\/www.basketbalolomouc.eu\/?author=1"}]}},"_links":{"self":[{"href":"https:\/\/www.basketbalolomouc.eu\/index.php?rest_route=\/wp\/v2\/posts\/4695","targetHints":{"allow":["GET"]}}],"collection":[{"href":"https:\/\/www.basketbalolomouc.eu\/index.php?rest_route=\/wp\/v2\/posts"}],"about":[{"href":"https:\/\/www.basketbalolomouc.eu\/index.php?rest_route=\/wp\/v2\/types\/post"}],"author":[{"embeddable":true,"href":"https:\/\/www.basketbalolomouc.eu\/index.php?rest_route=\/wp\/v2\/users\/1"}],"replies":[{"embeddable":true,"href":"https:\/\/www.basketbalolomouc.eu\/index.php?rest_route=%2Fwp%2Fv2%2Fcomments&post=4695"}],"version-history":[{"count":1,"href":"https:\/\/www.basketbalolomouc.eu\/index.php?rest_route=\/wp\/v2\/posts\/4695\/revisions"}],"predecessor-version":[{"id":4696,"href":"https:\/\/www.basketbalolomouc.eu\/index.php?rest_route=\/wp\/v2\/posts\/4695\/revisions\/4696"}],"wp:featuredmedia":[{"embeddable":true,"href":"https:\/\/www.basketbalolomouc.eu\/index.php?rest_route=\/wp\/v2\/media\/4699"}],"wp:attachment":[{"href":"https:\/\/www.basketbalolomouc.eu\/index.php?rest_route=%2Fwp%2Fv2%2Fmedia&parent=4695"}],"wp:term":[{"taxonomy":"category","embeddable":true,"href":"https:\/\/www.basketbalolomouc.eu\/index.php?rest_route=%2Fwp%2Fv2%2Fcategories&post=4695"},{"taxonomy":"post_tag","embeddable":true,"href":"https:\/\/www.basketbalolomouc.eu\/index.php?rest_route=%2Fwp%2Fv2%2Ftags&post=4695"}],"curies":[{"name":"wp","href":"https:\/\/api.w.org\/{rel}","templated":true}]}}