{"id":4643,"date":"2025-10-10T21:10:14","date_gmt":"2025-10-10T19:10:14","guid":{"rendered":"https:\/\/www.basketbalolomouc.eu\/?p=4643"},"modified":"2026-02-20T11:51:32","modified_gmt":"2026-02-20T10:51:32","slug":"na-brno-olomouc-nestacila","status":"publish","type":"post","link":"https:\/\/www.basketbalolomouc.eu\/?p=4643","title":{"rendered":"Na Brno Olomouc nesta\u010dila"},"content":{"rendered":"\n<p>V\u00fdrazn\u011b pos\u00edlen\u00fd t\u00fdm Basketu Brno U23 byl \u010dtvrt\u00fdm protivn\u00edkem Olomouce v\u00a0prvn\u00ed lize. Dom\u00e1c\u00ed u\u017e v\u00a0prvn\u00edch p\u011bti minut\u00e1ch nabrali ztr\u00e1tu osmi bod\u016f, a tomu odpov\u00eddal v\u00fdsledek 16:24 po deseti minut\u00e1ch. Ve druh\u00e9 \u010dtvrtin\u011b sice sn\u00ed\u017eili na rozd\u00edl t\u0159\u00ed bod\u016f, polo\u010das p\u0159esto prohr\u00e1li 36:48 a po pauze jejich ztr\u00e1ta za\u010dala je\u0161t\u011b v\u00edce nar\u016fstat. Deset minut p\u0159ed koncem host\u00e9 vedli 72:51 a v\u00a0posledn\u00ed \u010d\u00e1sti si veden\u00ed pohl\u00eddali. Olomouc prohr\u00e1la 69:91 a na sv\u00e9m kont\u011b m\u00e1 zat\u00edm jedin\u00e9 v\u00edt\u011bzstv\u00ed.<\/p>\n","protected":false},"excerpt":{"rendered":"<p>V\u00fdrazn\u011b pos\u00edlen\u00fd t\u00fdm Basketu Brno U23 byl \u010dtvrt\u00fdm protivn\u00edkem Olomouce v\u00a0prvn\u00ed lize. Dom\u00e1c\u00ed u\u017e v\u00a0prvn\u00edch p\u011bti minut\u00e1ch nabrali ztr\u00e1tu osmi bod\u016f, a tomu odpov\u00eddal v\u00fdsledek 16:24 po deseti minut\u00e1ch. Ve druh\u00e9 \u010dtvrtin\u011b sice sn\u00ed\u017eili na rozd\u00edl t\u0159\u00ed bod\u016f, polo\u010das p\u0159esto prohr\u00e1li 36:48 a po pauze jejich ztr\u00e1ta za\u010dala je\u0161t\u011b v\u00edce nar\u016fstat. Deset minut p\u0159ed koncem &hellip;<\/p>\n<p class=\"read-more\"> <a class=\"\" href=\"https:\/\/www.basketbalolomouc.eu\/?p=4643\"> <span class=\"screen-reader-text\">Na Brno Olomouc nesta\u010dila<\/span> Pokra\u010dovat ve \u010dten\u00ed &raquo;<\/a><\/p>\n","protected":false},"author":1,"featured_media":4645,"comment_status":"open","ping_status":"open","sticky":false,"template":"","format":"standard","meta":{"wp_popup_display_lightbox":0,"wp_popup_suppress":"","wp_popup_trigger":"","wp_popup_trigger_amount":0,"wp_popup_disable_on_mobile":false,"ngg_post_thumbnail":0,"footnotes":""},"categories":[1],"tags":[],"class_list":["post-4643","post","type-post","status-publish","format-standard","has-post-thumbnail","hentry","category-nezarazene"],"yoast_head":"<!-- This site is optimized with the Yoast SEO plugin v24.0 - https:\/\/yoast.com\/wordpress\/plugins\/seo\/ -->\n<title>Na Brno Olomouc nesta\u010dila - Basketbal Olomouc<\/title>\n<meta name=\"robots\" content=\"index, follow, max-snippet:-1, max-image-preview:large, max-video-preview:-1\" \/>\n<link rel=\"canonical\" href=\"https:\/\/www.basketbalolomouc.eu\/?p=4643\" \/>\n<meta property=\"og:locale\" content=\"cs_CZ\" \/>\n<meta property=\"og:type\" content=\"article\" \/>\n<meta property=\"og:title\" content=\"Na Brno Olomouc nesta\u010dila - Basketbal Olomouc\" \/>\n<meta property=\"og:description\" content=\"V\u00fdrazn\u011b pos\u00edlen\u00fd t\u00fdm Basketu Brno U23 byl \u010dtvrt\u00fdm protivn\u00edkem Olomouce v\u00a0prvn\u00ed lize. Dom\u00e1c\u00ed u\u017e v\u00a0prvn\u00edch p\u011bti minut\u00e1ch nabrali ztr\u00e1tu osmi bod\u016f, a tomu odpov\u00eddal v\u00fdsledek 16:24 po deseti minut\u00e1ch. Ve druh\u00e9 \u010dtvrtin\u011b sice sn\u00ed\u017eili na rozd\u00edl t\u0159\u00ed bod\u016f, polo\u010das p\u0159esto prohr\u00e1li 36:48 a po pauze jejich ztr\u00e1ta za\u010dala je\u0161t\u011b v\u00edce nar\u016fstat. Deset minut p\u0159ed koncem &hellip; Na Brno Olomouc nesta\u010dila Pokra\u010dovat ve \u010dten\u00ed &raquo;\" \/>\n<meta property=\"og:url\" content=\"https:\/\/www.basketbalolomouc.eu\/?p=4643\" \/>\n<meta property=\"og:site_name\" content=\"Basketbal Olomouc\" \/>\n<meta property=\"article:publisher\" content=\"https:\/\/www.facebook.com\/BasketbalOlomouc\/\" \/>\n<meta property=\"article:published_time\" content=\"2025-10-10T19:10:14+00:00\" \/>\n<meta property=\"article:modified_time\" content=\"2026-02-20T10:51:32+00:00\" \/>\n<meta property=\"og:image\" content=\"http:\/\/www.basketbalolomouc.eu\/wp-content\/uploads\/2025\/10\/4-kolo-scaled.jpg\" \/>\n\t<meta property=\"og:image:width\" content=\"2560\" \/>\n\t<meta property=\"og:image:height\" content=\"1707\" \/>\n\t<meta property=\"og:image:type\" content=\"image\/jpeg\" \/>\n<meta name=\"author\" content=\"admin\" \/>\n<meta name=\"twitter:card\" content=\"summary_large_image\" \/>\n<meta name=\"twitter:label1\" content=\"Napsal(a)\" \/>\n\t<meta name=\"twitter:data1\" content=\"admin\" \/>\n\t<meta name=\"twitter:label2\" content=\"Odhadovan\u00e1 doba \u010dten\u00ed\" \/>\n\t<meta name=\"twitter:data2\" content=\"1 minuta\" \/>\n<script type=\"application\/ld+json\" class=\"yoast-schema-graph\">{\"@context\":\"https:\/\/schema.org\",\"@graph\":[{\"@type\":\"Article\",\"@id\":\"https:\/\/www.basketbalolomouc.eu\/?p=4643#article\",\"isPartOf\":{\"@id\":\"https:\/\/www.basketbalolomouc.eu\/?p=4643\"},\"author\":{\"name\":\"admin\",\"@id\":\"https:\/\/www.basketbalolomouc.eu\/#\/schema\/person\/55f3f9c30c429ebe52d080eadc3ca07c\"},\"headline\":\"Na Brno Olomouc nesta\u010dila\",\"datePublished\":\"2025-10-10T19:10:14+00:00\",\"dateModified\":\"2026-02-20T10:51:32+00:00\",\"mainEntityOfPage\":{\"@id\":\"https:\/\/www.basketbalolomouc.eu\/?p=4643\"},\"wordCount\":109,\"commentCount\":0,\"publisher\":{\"@id\":\"https:\/\/www.basketbalolomouc.eu\/#organization\"},\"image\":{\"@id\":\"https:\/\/www.basketbalolomouc.eu\/?p=4643#primaryimage\"},\"thumbnailUrl\":\"https:\/\/www.basketbalolomouc.eu\/wp-content\/uploads\/2025\/10\/4-kolo-scaled.jpg\",\"inLanguage\":\"cs\",\"potentialAction\":[{\"@type\":\"CommentAction\",\"name\":\"Comment\",\"target\":[\"https:\/\/www.basketbalolomouc.eu\/?p=4643#respond\"]}]},{\"@type\":\"WebPage\",\"@id\":\"https:\/\/www.basketbalolomouc.eu\/?p=4643\",\"url\":\"https:\/\/www.basketbalolomouc.eu\/?p=4643\",\"name\":\"Na Brno Olomouc nesta\u010dila - Basketbal Olomouc\",\"isPartOf\":{\"@id\":\"https:\/\/www.basketbalolomouc.eu\/#website\"},\"primaryImageOfPage\":{\"@id\":\"https:\/\/www.basketbalolomouc.eu\/?p=4643#primaryimage\"},\"image\":{\"@id\":\"https:\/\/www.basketbalolomouc.eu\/?p=4643#primaryimage\"},\"thumbnailUrl\":\"https:\/\/www.basketbalolomouc.eu\/wp-content\/uploads\/2025\/10\/4-kolo-scaled.jpg\",\"datePublished\":\"2025-10-10T19:10:14+00:00\",\"dateModified\":\"2026-02-20T10:51:32+00:00\",\"breadcrumb\":{\"@id\":\"https:\/\/www.basketbalolomouc.eu\/?p=4643#breadcrumb\"},\"inLanguage\":\"cs\",\"potentialAction\":[{\"@type\":\"ReadAction\",\"target\":[\"https:\/\/www.basketbalolomouc.eu\/?p=4643\"]}]},{\"@type\":\"ImageObject\",\"inLanguage\":\"cs\",\"@id\":\"https:\/\/www.basketbalolomouc.eu\/?p=4643#primaryimage\",\"url\":\"https:\/\/www.basketbalolomouc.eu\/wp-content\/uploads\/2025\/10\/4-kolo-scaled.jpg\",\"contentUrl\":\"https:\/\/www.basketbalolomouc.eu\/wp-content\/uploads\/2025\/10\/4-kolo-scaled.jpg\",\"width\":2560,\"height\":1707},{\"@type\":\"BreadcrumbList\",\"@id\":\"https:\/\/www.basketbalolomouc.eu\/?p=4643#breadcrumb\",\"itemListElement\":[{\"@type\":\"ListItem\",\"position\":1,\"name\":\"Dom\u016f\",\"item\":\"https:\/\/www.basketbalolomouc.eu\/\"},{\"@type\":\"ListItem\",\"position\":2,\"name\":\"Na Brno Olomouc nesta\u010dila\"}]},{\"@type\":\"WebSite\",\"@id\":\"https:\/\/www.basketbalolomouc.eu\/#website\",\"url\":\"https:\/\/www.basketbalolomouc.eu\/\",\"name\":\"Basketbal Olomouc\",\"description\":\"Basketbalov\u00fd klub\",\"publisher\":{\"@id\":\"https:\/\/www.basketbalolomouc.eu\/#organization\"},\"potentialAction\":[{\"@type\":\"SearchAction\",\"target\":{\"@type\":\"EntryPoint\",\"urlTemplate\":\"https:\/\/www.basketbalolomouc.eu\/?s={search_term_string}\"},\"query-input\":{\"@type\":\"PropertyValueSpecification\",\"valueRequired\":true,\"valueName\":\"search_term_string\"}}],\"inLanguage\":\"cs\"},{\"@type\":\"Organization\",\"@id\":\"https:\/\/www.basketbalolomouc.eu\/#organization\",\"name\":\"Basketbal Olomouc\",\"url\":\"https:\/\/www.basketbalolomouc.eu\/\",\"logo\":{\"@type\":\"ImageObject\",\"inLanguage\":\"cs\",\"@id\":\"https:\/\/www.basketbalolomouc.eu\/#\/schema\/logo\/image\/\",\"url\":\"http:\/\/www.basketbalolomouc.eu\/wp-content\/uploads\/2018\/08\/logo_basketbal_olomouc.jpg\",\"contentUrl\":\"http:\/\/www.basketbalolomouc.eu\/wp-content\/uploads\/2018\/08\/logo_basketbal_olomouc.jpg\",\"width\":1180,\"height\":1180,\"caption\":\"Basketbal Olomouc\"},\"image\":{\"@id\":\"https:\/\/www.basketbalolomouc.eu\/#\/schema\/logo\/image\/\"},\"sameAs\":[\"https:\/\/www.facebook.com\/BasketbalOlomouc\/\"]},{\"@type\":\"Person\",\"@id\":\"https:\/\/www.basketbalolomouc.eu\/#\/schema\/person\/55f3f9c30c429ebe52d080eadc3ca07c\",\"name\":\"admin\",\"image\":{\"@type\":\"ImageObject\",\"inLanguage\":\"cs\",\"@id\":\"https:\/\/www.basketbalolomouc.eu\/#\/schema\/person\/image\/\",\"url\":\"https:\/\/secure.gravatar.com\/avatar\/9d1de5457b139edf6366e02182f22397?s=96&d=mm&r=g\",\"contentUrl\":\"https:\/\/secure.gravatar.com\/avatar\/9d1de5457b139edf6366e02182f22397?s=96&d=mm&r=g\",\"caption\":\"admin\"},\"url\":\"https:\/\/www.basketbalolomouc.eu\/?author=1\"}]}<\/script>\n<!-- \/ Yoast SEO plugin. -->","yoast_head_json":{"title":"Na Brno Olomouc nesta\u010dila - Basketbal Olomouc","robots":{"index":"index","follow":"follow","max-snippet":"max-snippet:-1","max-image-preview":"max-image-preview:large","max-video-preview":"max-video-preview:-1"},"canonical":"https:\/\/www.basketbalolomouc.eu\/?p=4643","og_locale":"cs_CZ","og_type":"article","og_title":"Na Brno Olomouc nesta\u010dila - Basketbal Olomouc","og_description":"V\u00fdrazn\u011b pos\u00edlen\u00fd t\u00fdm Basketu Brno U23 byl \u010dtvrt\u00fdm protivn\u00edkem Olomouce v\u00a0prvn\u00ed lize. Dom\u00e1c\u00ed u\u017e v\u00a0prvn\u00edch p\u011bti minut\u00e1ch nabrali ztr\u00e1tu osmi bod\u016f, a tomu odpov\u00eddal v\u00fdsledek 16:24 po deseti minut\u00e1ch. Ve druh\u00e9 \u010dtvrtin\u011b sice sn\u00ed\u017eili na rozd\u00edl t\u0159\u00ed bod\u016f, polo\u010das p\u0159esto prohr\u00e1li 36:48 a po pauze jejich ztr\u00e1ta za\u010dala je\u0161t\u011b v\u00edce nar\u016fstat. Deset minut p\u0159ed koncem &hellip; Na Brno Olomouc nesta\u010dila Pokra\u010dovat ve \u010dten\u00ed &raquo;","og_url":"https:\/\/www.basketbalolomouc.eu\/?p=4643","og_site_name":"Basketbal Olomouc","article_publisher":"https:\/\/www.facebook.com\/BasketbalOlomouc\/","article_published_time":"2025-10-10T19:10:14+00:00","article_modified_time":"2026-02-20T10:51:32+00:00","og_image":[{"width":2560,"height":1707,"url":"http:\/\/www.basketbalolomouc.eu\/wp-content\/uploads\/2025\/10\/4-kolo-scaled.jpg","type":"image\/jpeg"}],"author":"admin","twitter_card":"summary_large_image","twitter_misc":{"Napsal(a)":"admin","Odhadovan\u00e1 doba \u010dten\u00ed":"1 minuta"},"schema":{"@context":"https:\/\/schema.org","@graph":[{"@type":"Article","@id":"https:\/\/www.basketbalolomouc.eu\/?p=4643#article","isPartOf":{"@id":"https:\/\/www.basketbalolomouc.eu\/?p=4643"},"author":{"name":"admin","@id":"https:\/\/www.basketbalolomouc.eu\/#\/schema\/person\/55f3f9c30c429ebe52d080eadc3ca07c"},"headline":"Na Brno Olomouc nesta\u010dila","datePublished":"2025-10-10T19:10:14+00:00","dateModified":"2026-02-20T10:51:32+00:00","mainEntityOfPage":{"@id":"https:\/\/www.basketbalolomouc.eu\/?p=4643"},"wordCount":109,"commentCount":0,"publisher":{"@id":"https:\/\/www.basketbalolomouc.eu\/#organization"},"image":{"@id":"https:\/\/www.basketbalolomouc.eu\/?p=4643#primaryimage"},"thumbnailUrl":"https:\/\/www.basketbalolomouc.eu\/wp-content\/uploads\/2025\/10\/4-kolo-scaled.jpg","inLanguage":"cs","potentialAction":[{"@type":"CommentAction","name":"Comment","target":["https:\/\/www.basketbalolomouc.eu\/?p=4643#respond"]}]},{"@type":"WebPage","@id":"https:\/\/www.basketbalolomouc.eu\/?p=4643","url":"https:\/\/www.basketbalolomouc.eu\/?p=4643","name":"Na Brno Olomouc nesta\u010dila - Basketbal Olomouc","isPartOf":{"@id":"https:\/\/www.basketbalolomouc.eu\/#website"},"primaryImageOfPage":{"@id":"https:\/\/www.basketbalolomouc.eu\/?p=4643#primaryimage"},"image":{"@id":"https:\/\/www.basketbalolomouc.eu\/?p=4643#primaryimage"},"thumbnailUrl":"https:\/\/www.basketbalolomouc.eu\/wp-content\/uploads\/2025\/10\/4-kolo-scaled.jpg","datePublished":"2025-10-10T19:10:14+00:00","dateModified":"2026-02-20T10:51:32+00:00","breadcrumb":{"@id":"https:\/\/www.basketbalolomouc.eu\/?p=4643#breadcrumb"},"inLanguage":"cs","potentialAction":[{"@type":"ReadAction","target":["https:\/\/www.basketbalolomouc.eu\/?p=4643"]}]},{"@type":"ImageObject","inLanguage":"cs","@id":"https:\/\/www.basketbalolomouc.eu\/?p=4643#primaryimage","url":"https:\/\/www.basketbalolomouc.eu\/wp-content\/uploads\/2025\/10\/4-kolo-scaled.jpg","contentUrl":"https:\/\/www.basketbalolomouc.eu\/wp-content\/uploads\/2025\/10\/4-kolo-scaled.jpg","width":2560,"height":1707},{"@type":"BreadcrumbList","@id":"https:\/\/www.basketbalolomouc.eu\/?p=4643#breadcrumb","itemListElement":[{"@type":"ListItem","position":1,"name":"Dom\u016f","item":"https:\/\/www.basketbalolomouc.eu\/"},{"@type":"ListItem","position":2,"name":"Na Brno Olomouc nesta\u010dila"}]},{"@type":"WebSite","@id":"https:\/\/www.basketbalolomouc.eu\/#website","url":"https:\/\/www.basketbalolomouc.eu\/","name":"Basketbal Olomouc","description":"Basketbalov\u00fd klub","publisher":{"@id":"https:\/\/www.basketbalolomouc.eu\/#organization"},"potentialAction":[{"@type":"SearchAction","target":{"@type":"EntryPoint","urlTemplate":"https:\/\/www.basketbalolomouc.eu\/?s={search_term_string}"},"query-input":{"@type":"PropertyValueSpecification","valueRequired":true,"valueName":"search_term_string"}}],"inLanguage":"cs"},{"@type":"Organization","@id":"https:\/\/www.basketbalolomouc.eu\/#organization","name":"Basketbal Olomouc","url":"https:\/\/www.basketbalolomouc.eu\/","logo":{"@type":"ImageObject","inLanguage":"cs","@id":"https:\/\/www.basketbalolomouc.eu\/#\/schema\/logo\/image\/","url":"http:\/\/www.basketbalolomouc.eu\/wp-content\/uploads\/2018\/08\/logo_basketbal_olomouc.jpg","contentUrl":"http:\/\/www.basketbalolomouc.eu\/wp-content\/uploads\/2018\/08\/logo_basketbal_olomouc.jpg","width":1180,"height":1180,"caption":"Basketbal Olomouc"},"image":{"@id":"https:\/\/www.basketbalolomouc.eu\/#\/schema\/logo\/image\/"},"sameAs":["https:\/\/www.facebook.com\/BasketbalOlomouc\/"]},{"@type":"Person","@id":"https:\/\/www.basketbalolomouc.eu\/#\/schema\/person\/55f3f9c30c429ebe52d080eadc3ca07c","name":"admin","image":{"@type":"ImageObject","inLanguage":"cs","@id":"https:\/\/www.basketbalolomouc.eu\/#\/schema\/person\/image\/","url":"https:\/\/secure.gravatar.com\/avatar\/9d1de5457b139edf6366e02182f22397?s=96&d=mm&r=g","contentUrl":"https:\/\/secure.gravatar.com\/avatar\/9d1de5457b139edf6366e02182f22397?s=96&d=mm&r=g","caption":"admin"},"url":"https:\/\/www.basketbalolomouc.eu\/?author=1"}]}},"_links":{"self":[{"href":"https:\/\/www.basketbalolomouc.eu\/index.php?rest_route=\/wp\/v2\/posts\/4643","targetHints":{"allow":["GET"]}}],"collection":[{"href":"https:\/\/www.basketbalolomouc.eu\/index.php?rest_route=\/wp\/v2\/posts"}],"about":[{"href":"https:\/\/www.basketbalolomouc.eu\/index.php?rest_route=\/wp\/v2\/types\/post"}],"author":[{"embeddable":true,"href":"https:\/\/www.basketbalolomouc.eu\/index.php?rest_route=\/wp\/v2\/users\/1"}],"replies":[{"embeddable":true,"href":"https:\/\/www.basketbalolomouc.eu\/index.php?rest_route=%2Fwp%2Fv2%2Fcomments&post=4643"}],"version-history":[{"count":1,"href":"https:\/\/www.basketbalolomouc.eu\/index.php?rest_route=\/wp\/v2\/posts\/4643\/revisions"}],"predecessor-version":[{"id":4644,"href":"https:\/\/www.basketbalolomouc.eu\/index.php?rest_route=\/wp\/v2\/posts\/4643\/revisions\/4644"}],"wp:featuredmedia":[{"embeddable":true,"href":"https:\/\/www.basketbalolomouc.eu\/index.php?rest_route=\/wp\/v2\/media\/4645"}],"wp:attachment":[{"href":"https:\/\/www.basketbalolomouc.eu\/index.php?rest_route=%2Fwp%2Fv2%2Fmedia&parent=4643"}],"wp:term":[{"taxonomy":"category","embeddable":true,"href":"https:\/\/www.basketbalolomouc.eu\/index.php?rest_route=%2Fwp%2Fv2%2Fcategories&post=4643"},{"taxonomy":"post_tag","embeddable":true,"href":"https:\/\/www.basketbalolomouc.eu\/index.php?rest_route=%2Fwp%2Fv2%2Ftags&post=4643"}],"curies":[{"name":"wp","href":"https:\/\/api.w.org\/{rel}","templated":true}]}}