{"id":4638,"date":"2025-10-07T13:59:17","date_gmt":"2025-10-07T11:59:17","guid":{"rendered":"https:\/\/www.basketbalolomouc.eu\/?p=4638"},"modified":"2025-11-11T11:58:40","modified_gmt":"2025-11-11T10:58:40","slug":"vyrovnany-duel-v-opave-rozhodla-az-zaverecna-ctvrtina","status":"publish","type":"post","link":"https:\/\/www.basketbalolomouc.eu\/?p=4638","title":{"rendered":"Vyrovnan\u00fd duel v Opav\u011b rozhodla a\u017e z\u00e1v\u011bre\u010dn\u00e1 \u010dtvrtina"},"content":{"rendered":"\n<p><strong>BK Opava B \u2013 Basketbal Olomouc 75:63 (22:22, 35:35, 57:54)<\/strong><br><em>Opava, 7. \u0159\u00edjna 2025 \u2013 1. liga mu\u017e\u016f<\/em><\/p>\n\n\n\n<p>Basketbalist\u00e9 Olomouce sehr\u00e1li v Opav\u011b velmi vyrovnan\u00e9 utk\u00e1n\u00ed, kter\u00e9 se rozhodovalo a\u017e v z\u00e1v\u011bre\u010dn\u00fdch minut\u00e1ch. Po vyrovnan\u00e9 prvn\u00ed p\u016fli (35:35) dr\u017eeli Han\u00e1ci se soupe\u0159em krok i ve t\u0159et\u00ed \u010dtvrtin\u011b, do posledn\u00ed \u010d\u00e1sti v\u0161ak vstupovali s t\u0159\u00edbodov\u00fdm mankem (57:54).<\/p>\n\n\n\n<p>V posledn\u00edch deseti minut\u00e1ch u\u017e m\u011bli navrch dom\u00e1c\u00ed hr\u00e1\u010di, kte\u0159\u00ed dok\u00e1zali l\u00e9pe vyu\u017e\u00edt sv\u00e9 \u0161ance a d\u00edky zlep\u0161en\u00e9 obran\u011b i p\u0159esn\u011bj\u0161\u00ed st\u0159elb\u011b si vytvo\u0159ili rozhoduj\u00edc\u00ed n\u00e1skok. Utk\u00e1n\u00ed tak skon\u010dilo v\u00edt\u011bzstv\u00edm Opavy B v pom\u011bru 75:63.<\/p>\n\n\n\n<p>T\u00fdm Basketbalu Olomouc se op\u00edral o vyrovnan\u00fd v\u00fdkon v\u0161ech hr\u00e1\u010d\u016f. Nejv\u00edce bod\u016f zaznamenal <strong>B. V\u00edtkovi\u010d (13 bod\u016f, 7 doskok\u016f)<\/strong>, dvoucifern\u00e9 p\u0159\u00edsp\u011bvky p\u0159idali tak\u00e9 <strong>M. Lesch (11 bod\u016f, 10 doskok\u016f)<\/strong> a <strong>I. Svoboda (11 bod\u016f)<\/strong>.<\/p>\n\n\n\n<p>\u201eZ\u00e1pas jsme odehr\u00e1li t\u0159i \u010dtvrtiny velmi dob\u0159e, ale v z\u00e1v\u011bru n\u00e1m do\u0161ly s\u00edly i p\u0159esnost v zakon\u010den\u00ed. Opava n\u00e1s p\u0159ehr\u00e1la na doskoku a l\u00e9pe vyu\u017eila chyby, kter\u00e9 jsme ud\u011blali,\u201c zhodnotil utk\u00e1n\u00ed tren\u00e9r <strong>Petr Bena\u010dek<\/strong>.<\/p>\n","protected":false},"excerpt":{"rendered":"<p>BK Opava B \u2013 Basketbal Olomouc 75:63 (22:22, 35:35, 57:54)Opava, 7. \u0159\u00edjna 2025 \u2013 1. liga mu\u017e\u016f Basketbalist\u00e9 Olomouce sehr\u00e1li v Opav\u011b velmi vyrovnan\u00e9 utk\u00e1n\u00ed, kter\u00e9 se rozhodovalo a\u017e v z\u00e1v\u011bre\u010dn\u00fdch minut\u00e1ch. Po vyrovnan\u00e9 prvn\u00ed p\u016fli (35:35) dr\u017eeli Han\u00e1ci se soupe\u0159em krok i ve t\u0159et\u00ed \u010dtvrtin\u011b, do posledn\u00ed \u010d\u00e1sti v\u0161ak vstupovali s t\u0159\u00edbodov\u00fdm mankem (57:54). &hellip;<\/p>\n<p class=\"read-more\"> <a class=\"\" href=\"https:\/\/www.basketbalolomouc.eu\/?p=4638\"> <span class=\"screen-reader-text\">Vyrovnan\u00fd duel v Opav\u011b rozhodla a\u017e z\u00e1v\u011bre\u010dn\u00e1 \u010dtvrtina<\/span> Pokra\u010dovat ve \u010dten\u00ed &raquo;<\/a><\/p>\n","protected":false},"author":1,"featured_media":4639,"comment_status":"open","ping_status":"open","sticky":false,"template":"","format":"standard","meta":{"wp_popup_display_lightbox":0,"wp_popup_suppress":"","wp_popup_trigger":"","wp_popup_trigger_amount":0,"wp_popup_disable_on_mobile":false,"ngg_post_thumbnail":0,"footnotes":""},"categories":[1],"tags":[],"class_list":["post-4638","post","type-post","status-publish","format-standard","has-post-thumbnail","hentry","category-nezarazene"],"yoast_head":"<!-- This site is optimized with the Yoast SEO plugin v24.0 - https:\/\/yoast.com\/wordpress\/plugins\/seo\/ -->\n<title>Vyrovnan\u00fd duel v Opav\u011b rozhodla a\u017e z\u00e1v\u011bre\u010dn\u00e1 \u010dtvrtina - Basketbal Olomouc<\/title>\n<meta name=\"robots\" content=\"index, follow, max-snippet:-1, max-image-preview:large, max-video-preview:-1\" \/>\n<link rel=\"canonical\" href=\"https:\/\/www.basketbalolomouc.eu\/?p=4638\" \/>\n<meta property=\"og:locale\" content=\"cs_CZ\" \/>\n<meta property=\"og:type\" content=\"article\" \/>\n<meta property=\"og:title\" content=\"Vyrovnan\u00fd duel v Opav\u011b rozhodla a\u017e z\u00e1v\u011bre\u010dn\u00e1 \u010dtvrtina - Basketbal Olomouc\" \/>\n<meta property=\"og:description\" content=\"BK Opava B \u2013 Basketbal Olomouc 75:63 (22:22, 35:35, 57:54)Opava, 7. \u0159\u00edjna 2025 \u2013 1. liga mu\u017e\u016f Basketbalist\u00e9 Olomouce sehr\u00e1li v Opav\u011b velmi vyrovnan\u00e9 utk\u00e1n\u00ed, kter\u00e9 se rozhodovalo a\u017e v z\u00e1v\u011bre\u010dn\u00fdch minut\u00e1ch. Po vyrovnan\u00e9 prvn\u00ed p\u016fli (35:35) dr\u017eeli Han\u00e1ci se soupe\u0159em krok i ve t\u0159et\u00ed \u010dtvrtin\u011b, do posledn\u00ed \u010d\u00e1sti v\u0161ak vstupovali s t\u0159\u00edbodov\u00fdm mankem (57:54). &hellip; Vyrovnan\u00fd duel v Opav\u011b rozhodla a\u017e z\u00e1v\u011bre\u010dn\u00e1 \u010dtvrtina Pokra\u010dovat ve \u010dten\u00ed &raquo;\" \/>\n<meta property=\"og:url\" content=\"https:\/\/www.basketbalolomouc.eu\/?p=4638\" \/>\n<meta property=\"og:site_name\" content=\"Basketbal Olomouc\" \/>\n<meta property=\"article:publisher\" content=\"https:\/\/www.facebook.com\/BasketbalOlomouc\/\" \/>\n<meta property=\"article:published_time\" content=\"2025-10-07T11:59:17+00:00\" \/>\n<meta property=\"article:modified_time\" content=\"2025-11-11T10:58:40+00:00\" \/>\n<meta property=\"og:image\" content=\"http:\/\/www.basketbalolomouc.eu\/wp-content\/uploads\/2025\/10\/ChatGPT-Image-7.-10.-2025-13_49_29.jpg\" \/>\n\t<meta property=\"og:image:width\" content=\"1536\" \/>\n\t<meta property=\"og:image:height\" content=\"1024\" \/>\n\t<meta property=\"og:image:type\" content=\"image\/jpeg\" \/>\n<meta name=\"author\" content=\"admin\" \/>\n<meta name=\"twitter:card\" content=\"summary_large_image\" \/>\n<meta name=\"twitter:label1\" content=\"Napsal(a)\" \/>\n\t<meta name=\"twitter:data1\" content=\"admin\" \/>\n\t<meta name=\"twitter:label2\" content=\"Odhadovan\u00e1 doba \u010dten\u00ed\" \/>\n\t<meta name=\"twitter:data2\" content=\"2 minuty\" \/>\n<script type=\"application\/ld+json\" class=\"yoast-schema-graph\">{\"@context\":\"https:\/\/schema.org\",\"@graph\":[{\"@type\":\"Article\",\"@id\":\"https:\/\/www.basketbalolomouc.eu\/?p=4638#article\",\"isPartOf\":{\"@id\":\"https:\/\/www.basketbalolomouc.eu\/?p=4638\"},\"author\":{\"name\":\"admin\",\"@id\":\"https:\/\/www.basketbalolomouc.eu\/#\/schema\/person\/55f3f9c30c429ebe52d080eadc3ca07c\"},\"headline\":\"Vyrovnan\u00fd duel v Opav\u011b rozhodla a\u017e z\u00e1v\u011bre\u010dn\u00e1 \u010dtvrtina\",\"datePublished\":\"2025-10-07T11:59:17+00:00\",\"dateModified\":\"2025-11-11T10:58:40+00:00\",\"mainEntityOfPage\":{\"@id\":\"https:\/\/www.basketbalolomouc.eu\/?p=4638\"},\"wordCount\":219,\"commentCount\":0,\"publisher\":{\"@id\":\"https:\/\/www.basketbalolomouc.eu\/#organization\"},\"image\":{\"@id\":\"https:\/\/www.basketbalolomouc.eu\/?p=4638#primaryimage\"},\"thumbnailUrl\":\"https:\/\/www.basketbalolomouc.eu\/wp-content\/uploads\/2025\/10\/ChatGPT-Image-7.-10.-2025-13_49_29.jpg\",\"inLanguage\":\"cs\",\"potentialAction\":[{\"@type\":\"CommentAction\",\"name\":\"Comment\",\"target\":[\"https:\/\/www.basketbalolomouc.eu\/?p=4638#respond\"]}]},{\"@type\":\"WebPage\",\"@id\":\"https:\/\/www.basketbalolomouc.eu\/?p=4638\",\"url\":\"https:\/\/www.basketbalolomouc.eu\/?p=4638\",\"name\":\"Vyrovnan\u00fd duel v Opav\u011b rozhodla a\u017e z\u00e1v\u011bre\u010dn\u00e1 \u010dtvrtina - Basketbal Olomouc\",\"isPartOf\":{\"@id\":\"https:\/\/www.basketbalolomouc.eu\/#website\"},\"primaryImageOfPage\":{\"@id\":\"https:\/\/www.basketbalolomouc.eu\/?p=4638#primaryimage\"},\"image\":{\"@id\":\"https:\/\/www.basketbalolomouc.eu\/?p=4638#primaryimage\"},\"thumbnailUrl\":\"https:\/\/www.basketbalolomouc.eu\/wp-content\/uploads\/2025\/10\/ChatGPT-Image-7.-10.-2025-13_49_29.jpg\",\"datePublished\":\"2025-10-07T11:59:17+00:00\",\"dateModified\":\"2025-11-11T10:58:40+00:00\",\"breadcrumb\":{\"@id\":\"https:\/\/www.basketbalolomouc.eu\/?p=4638#breadcrumb\"},\"inLanguage\":\"cs\",\"potentialAction\":[{\"@type\":\"ReadAction\",\"target\":[\"https:\/\/www.basketbalolomouc.eu\/?p=4638\"]}]},{\"@type\":\"ImageObject\",\"inLanguage\":\"cs\",\"@id\":\"https:\/\/www.basketbalolomouc.eu\/?p=4638#primaryimage\",\"url\":\"https:\/\/www.basketbalolomouc.eu\/wp-content\/uploads\/2025\/10\/ChatGPT-Image-7.-10.-2025-13_49_29.jpg\",\"contentUrl\":\"https:\/\/www.basketbalolomouc.eu\/wp-content\/uploads\/2025\/10\/ChatGPT-Image-7.-10.-2025-13_49_29.jpg\",\"width\":1536,\"height\":1024},{\"@type\":\"BreadcrumbList\",\"@id\":\"https:\/\/www.basketbalolomouc.eu\/?p=4638#breadcrumb\",\"itemListElement\":[{\"@type\":\"ListItem\",\"position\":1,\"name\":\"Dom\u016f\",\"item\":\"https:\/\/www.basketbalolomouc.eu\/\"},{\"@type\":\"ListItem\",\"position\":2,\"name\":\"Vyrovnan\u00fd duel v Opav\u011b rozhodla a\u017e z\u00e1v\u011bre\u010dn\u00e1 \u010dtvrtina\"}]},{\"@type\":\"WebSite\",\"@id\":\"https:\/\/www.basketbalolomouc.eu\/#website\",\"url\":\"https:\/\/www.basketbalolomouc.eu\/\",\"name\":\"Basketbal Olomouc\",\"description\":\"Basketbalov\u00fd klub\",\"publisher\":{\"@id\":\"https:\/\/www.basketbalolomouc.eu\/#organization\"},\"potentialAction\":[{\"@type\":\"SearchAction\",\"target\":{\"@type\":\"EntryPoint\",\"urlTemplate\":\"https:\/\/www.basketbalolomouc.eu\/?s={search_term_string}\"},\"query-input\":{\"@type\":\"PropertyValueSpecification\",\"valueRequired\":true,\"valueName\":\"search_term_string\"}}],\"inLanguage\":\"cs\"},{\"@type\":\"Organization\",\"@id\":\"https:\/\/www.basketbalolomouc.eu\/#organization\",\"name\":\"Basketbal Olomouc\",\"url\":\"https:\/\/www.basketbalolomouc.eu\/\",\"logo\":{\"@type\":\"ImageObject\",\"inLanguage\":\"cs\",\"@id\":\"https:\/\/www.basketbalolomouc.eu\/#\/schema\/logo\/image\/\",\"url\":\"http:\/\/www.basketbalolomouc.eu\/wp-content\/uploads\/2018\/08\/logo_basketbal_olomouc.jpg\",\"contentUrl\":\"http:\/\/www.basketbalolomouc.eu\/wp-content\/uploads\/2018\/08\/logo_basketbal_olomouc.jpg\",\"width\":1180,\"height\":1180,\"caption\":\"Basketbal Olomouc\"},\"image\":{\"@id\":\"https:\/\/www.basketbalolomouc.eu\/#\/schema\/logo\/image\/\"},\"sameAs\":[\"https:\/\/www.facebook.com\/BasketbalOlomouc\/\"]},{\"@type\":\"Person\",\"@id\":\"https:\/\/www.basketbalolomouc.eu\/#\/schema\/person\/55f3f9c30c429ebe52d080eadc3ca07c\",\"name\":\"admin\",\"image\":{\"@type\":\"ImageObject\",\"inLanguage\":\"cs\",\"@id\":\"https:\/\/www.basketbalolomouc.eu\/#\/schema\/person\/image\/\",\"url\":\"https:\/\/secure.gravatar.com\/avatar\/9d1de5457b139edf6366e02182f22397?s=96&d=mm&r=g\",\"contentUrl\":\"https:\/\/secure.gravatar.com\/avatar\/9d1de5457b139edf6366e02182f22397?s=96&d=mm&r=g\",\"caption\":\"admin\"},\"url\":\"https:\/\/www.basketbalolomouc.eu\/?author=1\"}]}<\/script>\n<!-- \/ Yoast SEO plugin. -->","yoast_head_json":{"title":"Vyrovnan\u00fd duel v Opav\u011b rozhodla a\u017e z\u00e1v\u011bre\u010dn\u00e1 \u010dtvrtina - Basketbal Olomouc","robots":{"index":"index","follow":"follow","max-snippet":"max-snippet:-1","max-image-preview":"max-image-preview:large","max-video-preview":"max-video-preview:-1"},"canonical":"https:\/\/www.basketbalolomouc.eu\/?p=4638","og_locale":"cs_CZ","og_type":"article","og_title":"Vyrovnan\u00fd duel v Opav\u011b rozhodla a\u017e z\u00e1v\u011bre\u010dn\u00e1 \u010dtvrtina - Basketbal Olomouc","og_description":"BK Opava B \u2013 Basketbal Olomouc 75:63 (22:22, 35:35, 57:54)Opava, 7. \u0159\u00edjna 2025 \u2013 1. liga mu\u017e\u016f Basketbalist\u00e9 Olomouce sehr\u00e1li v Opav\u011b velmi vyrovnan\u00e9 utk\u00e1n\u00ed, kter\u00e9 se rozhodovalo a\u017e v z\u00e1v\u011bre\u010dn\u00fdch minut\u00e1ch. Po vyrovnan\u00e9 prvn\u00ed p\u016fli (35:35) dr\u017eeli Han\u00e1ci se soupe\u0159em krok i ve t\u0159et\u00ed \u010dtvrtin\u011b, do posledn\u00ed \u010d\u00e1sti v\u0161ak vstupovali s t\u0159\u00edbodov\u00fdm mankem (57:54). &hellip; Vyrovnan\u00fd duel v Opav\u011b rozhodla a\u017e z\u00e1v\u011bre\u010dn\u00e1 \u010dtvrtina Pokra\u010dovat ve \u010dten\u00ed &raquo;","og_url":"https:\/\/www.basketbalolomouc.eu\/?p=4638","og_site_name":"Basketbal Olomouc","article_publisher":"https:\/\/www.facebook.com\/BasketbalOlomouc\/","article_published_time":"2025-10-07T11:59:17+00:00","article_modified_time":"2025-11-11T10:58:40+00:00","og_image":[{"width":1536,"height":1024,"url":"http:\/\/www.basketbalolomouc.eu\/wp-content\/uploads\/2025\/10\/ChatGPT-Image-7.-10.-2025-13_49_29.jpg","type":"image\/jpeg"}],"author":"admin","twitter_card":"summary_large_image","twitter_misc":{"Napsal(a)":"admin","Odhadovan\u00e1 doba \u010dten\u00ed":"2 minuty"},"schema":{"@context":"https:\/\/schema.org","@graph":[{"@type":"Article","@id":"https:\/\/www.basketbalolomouc.eu\/?p=4638#article","isPartOf":{"@id":"https:\/\/www.basketbalolomouc.eu\/?p=4638"},"author":{"name":"admin","@id":"https:\/\/www.basketbalolomouc.eu\/#\/schema\/person\/55f3f9c30c429ebe52d080eadc3ca07c"},"headline":"Vyrovnan\u00fd duel v Opav\u011b rozhodla a\u017e z\u00e1v\u011bre\u010dn\u00e1 \u010dtvrtina","datePublished":"2025-10-07T11:59:17+00:00","dateModified":"2025-11-11T10:58:40+00:00","mainEntityOfPage":{"@id":"https:\/\/www.basketbalolomouc.eu\/?p=4638"},"wordCount":219,"commentCount":0,"publisher":{"@id":"https:\/\/www.basketbalolomouc.eu\/#organization"},"image":{"@id":"https:\/\/www.basketbalolomouc.eu\/?p=4638#primaryimage"},"thumbnailUrl":"https:\/\/www.basketbalolomouc.eu\/wp-content\/uploads\/2025\/10\/ChatGPT-Image-7.-10.-2025-13_49_29.jpg","inLanguage":"cs","potentialAction":[{"@type":"CommentAction","name":"Comment","target":["https:\/\/www.basketbalolomouc.eu\/?p=4638#respond"]}]},{"@type":"WebPage","@id":"https:\/\/www.basketbalolomouc.eu\/?p=4638","url":"https:\/\/www.basketbalolomouc.eu\/?p=4638","name":"Vyrovnan\u00fd duel v Opav\u011b rozhodla a\u017e z\u00e1v\u011bre\u010dn\u00e1 \u010dtvrtina - Basketbal Olomouc","isPartOf":{"@id":"https:\/\/www.basketbalolomouc.eu\/#website"},"primaryImageOfPage":{"@id":"https:\/\/www.basketbalolomouc.eu\/?p=4638#primaryimage"},"image":{"@id":"https:\/\/www.basketbalolomouc.eu\/?p=4638#primaryimage"},"thumbnailUrl":"https:\/\/www.basketbalolomouc.eu\/wp-content\/uploads\/2025\/10\/ChatGPT-Image-7.-10.-2025-13_49_29.jpg","datePublished":"2025-10-07T11:59:17+00:00","dateModified":"2025-11-11T10:58:40+00:00","breadcrumb":{"@id":"https:\/\/www.basketbalolomouc.eu\/?p=4638#breadcrumb"},"inLanguage":"cs","potentialAction":[{"@type":"ReadAction","target":["https:\/\/www.basketbalolomouc.eu\/?p=4638"]}]},{"@type":"ImageObject","inLanguage":"cs","@id":"https:\/\/www.basketbalolomouc.eu\/?p=4638#primaryimage","url":"https:\/\/www.basketbalolomouc.eu\/wp-content\/uploads\/2025\/10\/ChatGPT-Image-7.-10.-2025-13_49_29.jpg","contentUrl":"https:\/\/www.basketbalolomouc.eu\/wp-content\/uploads\/2025\/10\/ChatGPT-Image-7.-10.-2025-13_49_29.jpg","width":1536,"height":1024},{"@type":"BreadcrumbList","@id":"https:\/\/www.basketbalolomouc.eu\/?p=4638#breadcrumb","itemListElement":[{"@type":"ListItem","position":1,"name":"Dom\u016f","item":"https:\/\/www.basketbalolomouc.eu\/"},{"@type":"ListItem","position":2,"name":"Vyrovnan\u00fd duel v Opav\u011b rozhodla a\u017e z\u00e1v\u011bre\u010dn\u00e1 \u010dtvrtina"}]},{"@type":"WebSite","@id":"https:\/\/www.basketbalolomouc.eu\/#website","url":"https:\/\/www.basketbalolomouc.eu\/","name":"Basketbal Olomouc","description":"Basketbalov\u00fd klub","publisher":{"@id":"https:\/\/www.basketbalolomouc.eu\/#organization"},"potentialAction":[{"@type":"SearchAction","target":{"@type":"EntryPoint","urlTemplate":"https:\/\/www.basketbalolomouc.eu\/?s={search_term_string}"},"query-input":{"@type":"PropertyValueSpecification","valueRequired":true,"valueName":"search_term_string"}}],"inLanguage":"cs"},{"@type":"Organization","@id":"https:\/\/www.basketbalolomouc.eu\/#organization","name":"Basketbal Olomouc","url":"https:\/\/www.basketbalolomouc.eu\/","logo":{"@type":"ImageObject","inLanguage":"cs","@id":"https:\/\/www.basketbalolomouc.eu\/#\/schema\/logo\/image\/","url":"http:\/\/www.basketbalolomouc.eu\/wp-content\/uploads\/2018\/08\/logo_basketbal_olomouc.jpg","contentUrl":"http:\/\/www.basketbalolomouc.eu\/wp-content\/uploads\/2018\/08\/logo_basketbal_olomouc.jpg","width":1180,"height":1180,"caption":"Basketbal Olomouc"},"image":{"@id":"https:\/\/www.basketbalolomouc.eu\/#\/schema\/logo\/image\/"},"sameAs":["https:\/\/www.facebook.com\/BasketbalOlomouc\/"]},{"@type":"Person","@id":"https:\/\/www.basketbalolomouc.eu\/#\/schema\/person\/55f3f9c30c429ebe52d080eadc3ca07c","name":"admin","image":{"@type":"ImageObject","inLanguage":"cs","@id":"https:\/\/www.basketbalolomouc.eu\/#\/schema\/person\/image\/","url":"https:\/\/secure.gravatar.com\/avatar\/9d1de5457b139edf6366e02182f22397?s=96&d=mm&r=g","contentUrl":"https:\/\/secure.gravatar.com\/avatar\/9d1de5457b139edf6366e02182f22397?s=96&d=mm&r=g","caption":"admin"},"url":"https:\/\/www.basketbalolomouc.eu\/?author=1"}]}},"_links":{"self":[{"href":"https:\/\/www.basketbalolomouc.eu\/index.php?rest_route=\/wp\/v2\/posts\/4638","targetHints":{"allow":["GET"]}}],"collection":[{"href":"https:\/\/www.basketbalolomouc.eu\/index.php?rest_route=\/wp\/v2\/posts"}],"about":[{"href":"https:\/\/www.basketbalolomouc.eu\/index.php?rest_route=\/wp\/v2\/types\/post"}],"author":[{"embeddable":true,"href":"https:\/\/www.basketbalolomouc.eu\/index.php?rest_route=\/wp\/v2\/users\/1"}],"replies":[{"embeddable":true,"href":"https:\/\/www.basketbalolomouc.eu\/index.php?rest_route=%2Fwp%2Fv2%2Fcomments&post=4638"}],"version-history":[{"count":1,"href":"https:\/\/www.basketbalolomouc.eu\/index.php?rest_route=\/wp\/v2\/posts\/4638\/revisions"}],"predecessor-version":[{"id":4640,"href":"https:\/\/www.basketbalolomouc.eu\/index.php?rest_route=\/wp\/v2\/posts\/4638\/revisions\/4640"}],"wp:featuredmedia":[{"embeddable":true,"href":"https:\/\/www.basketbalolomouc.eu\/index.php?rest_route=\/wp\/v2\/media\/4639"}],"wp:attachment":[{"href":"https:\/\/www.basketbalolomouc.eu\/index.php?rest_route=%2Fwp%2Fv2%2Fmedia&parent=4638"}],"wp:term":[{"taxonomy":"category","embeddable":true,"href":"https:\/\/www.basketbalolomouc.eu\/index.php?rest_route=%2Fwp%2Fv2%2Fcategories&post=4638"},{"taxonomy":"post_tag","embeddable":true,"href":"https:\/\/www.basketbalolomouc.eu\/index.php?rest_route=%2Fwp%2Fv2%2Ftags&post=4638"}],"curies":[{"name":"wp","href":"https:\/\/api.w.org\/{rel}","templated":true}]}}