{"id":4568,"date":"2025-10-07T13:57:12","date_gmt":"2025-10-07T11:57:12","guid":{"rendered":"https:\/\/www.basketbalolomouc.eu\/?p=4568"},"modified":"2025-11-01T23:27:54","modified_gmt":"2025-11-01T22:27:54","slug":"v-ostrave-jsme-na-vyhru-nedosahli","status":"publish","type":"post","link":"https:\/\/www.basketbalolomouc.eu\/?p=4568","title":{"rendered":"V\u00a0Ostrav\u011b jsme na v\u00fdhru nedos\u00e1hli"},"content":{"rendered":"\n<p>V\u00a0prvn\u00edm mistrovsk\u00e9m utk\u00e1n\u00ed nov\u00e9 sezony hr\u00e1\u010di Basketbalu Olomouc na v\u00edt\u011bzstv\u00ed nedos\u00e1hli. Na p\u016fd\u011b ostravsk\u00e9ho MS Academy prohr\u00e1li 73:93, kdy\u017e neuhl\u00eddali p\u0159esn\u011b sk\u00f3ruj\u00edc\u00ed st\u0159elce soupe\u0159e. Dom\u00e1c\u00ed m\u011bli nev\u00eddanou osmdes\u00e1ti procentn\u00ed \u00fasp\u011b\u0161nost a prom\u011bnili jeden\u00e1ct ze t\u0159in\u00e1cti trojkov\u00fdch pokus\u016f. V\u00a0sestav\u011b Olomouce byl nejlep\u0161\u00edm st\u0159elcem Matt Lesch, kter\u00fd dal 21 bod\u016f, po patn\u00e1cti bodech p\u0159idali Igor Svoboda a Jakub \u0160ev\u010d\u00edk.<\/p>\n","protected":false},"excerpt":{"rendered":"<p>V\u00a0prvn\u00edm mistrovsk\u00e9m utk\u00e1n\u00ed nov\u00e9 sezony hr\u00e1\u010di Basketbalu Olomouc na v\u00edt\u011bzstv\u00ed nedos\u00e1hli. Na p\u016fd\u011b ostravsk\u00e9ho MS Academy prohr\u00e1li 73:93, kdy\u017e neuhl\u00eddali p\u0159esn\u011b sk\u00f3ruj\u00edc\u00ed st\u0159elce soupe\u0159e. Dom\u00e1c\u00ed m\u011bli nev\u00eddanou osmdes\u00e1ti procentn\u00ed \u00fasp\u011b\u0161nost a prom\u011bnili jeden\u00e1ct ze t\u0159in\u00e1cti trojkov\u00fdch pokus\u016f. V\u00a0sestav\u011b Olomouce byl nejlep\u0161\u00edm st\u0159elcem Matt Lesch, kter\u00fd dal 21 bod\u016f, po patn\u00e1cti bodech p\u0159idali Igor Svoboda a &hellip;<\/p>\n<p class=\"read-more\"> <a class=\"\" href=\"https:\/\/www.basketbalolomouc.eu\/?p=4568\"> <span class=\"screen-reader-text\">V\u00a0Ostrav\u011b jsme na v\u00fdhru nedos\u00e1hli<\/span> Pokra\u010dovat ve \u010dten\u00ed &raquo;<\/a><\/p>\n","protected":false},"author":1,"featured_media":4642,"comment_status":"open","ping_status":"open","sticky":false,"template":"","format":"standard","meta":{"wp_popup_display_lightbox":0,"wp_popup_suppress":"","wp_popup_trigger":"","wp_popup_trigger_amount":0,"wp_popup_disable_on_mobile":false,"ngg_post_thumbnail":0,"footnotes":""},"categories":[1],"tags":[],"class_list":["post-4568","post","type-post","status-publish","format-standard","has-post-thumbnail","hentry","category-nezarazene"],"yoast_head":"<!-- This site is optimized with the Yoast SEO plugin v24.0 - https:\/\/yoast.com\/wordpress\/plugins\/seo\/ -->\n<title>V\u00a0Ostrav\u011b jsme na v\u00fdhru nedos\u00e1hli - Basketbal Olomouc<\/title>\n<meta name=\"robots\" content=\"index, follow, max-snippet:-1, max-image-preview:large, max-video-preview:-1\" \/>\n<link rel=\"canonical\" href=\"https:\/\/www.basketbalolomouc.eu\/?p=4568\" \/>\n<meta property=\"og:locale\" content=\"cs_CZ\" \/>\n<meta property=\"og:type\" content=\"article\" \/>\n<meta property=\"og:title\" content=\"V\u00a0Ostrav\u011b jsme na v\u00fdhru nedos\u00e1hli - Basketbal Olomouc\" \/>\n<meta property=\"og:description\" content=\"V\u00a0prvn\u00edm mistrovsk\u00e9m utk\u00e1n\u00ed nov\u00e9 sezony hr\u00e1\u010di Basketbalu Olomouc na v\u00edt\u011bzstv\u00ed nedos\u00e1hli. Na p\u016fd\u011b ostravsk\u00e9ho MS Academy prohr\u00e1li 73:93, kdy\u017e neuhl\u00eddali p\u0159esn\u011b sk\u00f3ruj\u00edc\u00ed st\u0159elce soupe\u0159e. Dom\u00e1c\u00ed m\u011bli nev\u00eddanou osmdes\u00e1ti procentn\u00ed \u00fasp\u011b\u0161nost a prom\u011bnili jeden\u00e1ct ze t\u0159in\u00e1cti trojkov\u00fdch pokus\u016f. V\u00a0sestav\u011b Olomouce byl nejlep\u0161\u00edm st\u0159elcem Matt Lesch, kter\u00fd dal 21 bod\u016f, po patn\u00e1cti bodech p\u0159idali Igor Svoboda a &hellip; V\u00a0Ostrav\u011b jsme na v\u00fdhru nedos\u00e1hli Pokra\u010dovat ve \u010dten\u00ed &raquo;\" \/>\n<meta property=\"og:url\" content=\"https:\/\/www.basketbalolomouc.eu\/?p=4568\" \/>\n<meta property=\"og:site_name\" content=\"Basketbal Olomouc\" \/>\n<meta property=\"article:publisher\" content=\"https:\/\/www.facebook.com\/BasketbalOlomouc\/\" \/>\n<meta property=\"article:published_time\" content=\"2025-10-07T11:57:12+00:00\" \/>\n<meta property=\"article:modified_time\" content=\"2025-11-01T22:27:54+00:00\" \/>\n<meta property=\"og:image\" content=\"http:\/\/www.basketbalolomouc.eu\/wp-content\/uploads\/2025\/10\/ChatGPT-Image-8.-10.-2025-13_42_21.jpg\" \/>\n\t<meta property=\"og:image:width\" content=\"1536\" \/>\n\t<meta property=\"og:image:height\" content=\"1024\" \/>\n\t<meta property=\"og:image:type\" content=\"image\/jpeg\" \/>\n<meta name=\"author\" content=\"admin\" \/>\n<meta name=\"twitter:card\" content=\"summary_large_image\" \/>\n<meta name=\"twitter:label1\" content=\"Napsal(a)\" \/>\n\t<meta name=\"twitter:data1\" content=\"admin\" \/>\n\t<meta name=\"twitter:label2\" content=\"Odhadovan\u00e1 doba \u010dten\u00ed\" \/>\n\t<meta name=\"twitter:data2\" content=\"1 minuta\" \/>\n<script type=\"application\/ld+json\" class=\"yoast-schema-graph\">{\"@context\":\"https:\/\/schema.org\",\"@graph\":[{\"@type\":\"Article\",\"@id\":\"https:\/\/www.basketbalolomouc.eu\/?p=4568#article\",\"isPartOf\":{\"@id\":\"https:\/\/www.basketbalolomouc.eu\/?p=4568\"},\"author\":{\"name\":\"admin\",\"@id\":\"https:\/\/www.basketbalolomouc.eu\/#\/schema\/person\/55f3f9c30c429ebe52d080eadc3ca07c\"},\"headline\":\"V\u00a0Ostrav\u011b jsme na v\u00fdhru nedos\u00e1hli\",\"datePublished\":\"2025-10-07T11:57:12+00:00\",\"dateModified\":\"2025-11-01T22:27:54+00:00\",\"mainEntityOfPage\":{\"@id\":\"https:\/\/www.basketbalolomouc.eu\/?p=4568\"},\"wordCount\":96,\"commentCount\":0,\"publisher\":{\"@id\":\"https:\/\/www.basketbalolomouc.eu\/#organization\"},\"image\":{\"@id\":\"https:\/\/www.basketbalolomouc.eu\/?p=4568#primaryimage\"},\"thumbnailUrl\":\"https:\/\/www.basketbalolomouc.eu\/wp-content\/uploads\/2025\/10\/ChatGPT-Image-8.-10.-2025-13_42_21.jpg\",\"inLanguage\":\"cs\",\"potentialAction\":[{\"@type\":\"CommentAction\",\"name\":\"Comment\",\"target\":[\"https:\/\/www.basketbalolomouc.eu\/?p=4568#respond\"]}]},{\"@type\":\"WebPage\",\"@id\":\"https:\/\/www.basketbalolomouc.eu\/?p=4568\",\"url\":\"https:\/\/www.basketbalolomouc.eu\/?p=4568\",\"name\":\"V\u00a0Ostrav\u011b jsme na v\u00fdhru nedos\u00e1hli - Basketbal Olomouc\",\"isPartOf\":{\"@id\":\"https:\/\/www.basketbalolomouc.eu\/#website\"},\"primaryImageOfPage\":{\"@id\":\"https:\/\/www.basketbalolomouc.eu\/?p=4568#primaryimage\"},\"image\":{\"@id\":\"https:\/\/www.basketbalolomouc.eu\/?p=4568#primaryimage\"},\"thumbnailUrl\":\"https:\/\/www.basketbalolomouc.eu\/wp-content\/uploads\/2025\/10\/ChatGPT-Image-8.-10.-2025-13_42_21.jpg\",\"datePublished\":\"2025-10-07T11:57:12+00:00\",\"dateModified\":\"2025-11-01T22:27:54+00:00\",\"breadcrumb\":{\"@id\":\"https:\/\/www.basketbalolomouc.eu\/?p=4568#breadcrumb\"},\"inLanguage\":\"cs\",\"potentialAction\":[{\"@type\":\"ReadAction\",\"target\":[\"https:\/\/www.basketbalolomouc.eu\/?p=4568\"]}]},{\"@type\":\"ImageObject\",\"inLanguage\":\"cs\",\"@id\":\"https:\/\/www.basketbalolomouc.eu\/?p=4568#primaryimage\",\"url\":\"https:\/\/www.basketbalolomouc.eu\/wp-content\/uploads\/2025\/10\/ChatGPT-Image-8.-10.-2025-13_42_21.jpg\",\"contentUrl\":\"https:\/\/www.basketbalolomouc.eu\/wp-content\/uploads\/2025\/10\/ChatGPT-Image-8.-10.-2025-13_42_21.jpg\",\"width\":1536,\"height\":1024},{\"@type\":\"BreadcrumbList\",\"@id\":\"https:\/\/www.basketbalolomouc.eu\/?p=4568#breadcrumb\",\"itemListElement\":[{\"@type\":\"ListItem\",\"position\":1,\"name\":\"Dom\u016f\",\"item\":\"https:\/\/www.basketbalolomouc.eu\/\"},{\"@type\":\"ListItem\",\"position\":2,\"name\":\"V\u00a0Ostrav\u011b jsme na v\u00fdhru nedos\u00e1hli\"}]},{\"@type\":\"WebSite\",\"@id\":\"https:\/\/www.basketbalolomouc.eu\/#website\",\"url\":\"https:\/\/www.basketbalolomouc.eu\/\",\"name\":\"Basketbal Olomouc\",\"description\":\"Basketbalov\u00fd klub\",\"publisher\":{\"@id\":\"https:\/\/www.basketbalolomouc.eu\/#organization\"},\"potentialAction\":[{\"@type\":\"SearchAction\",\"target\":{\"@type\":\"EntryPoint\",\"urlTemplate\":\"https:\/\/www.basketbalolomouc.eu\/?s={search_term_string}\"},\"query-input\":{\"@type\":\"PropertyValueSpecification\",\"valueRequired\":true,\"valueName\":\"search_term_string\"}}],\"inLanguage\":\"cs\"},{\"@type\":\"Organization\",\"@id\":\"https:\/\/www.basketbalolomouc.eu\/#organization\",\"name\":\"Basketbal Olomouc\",\"url\":\"https:\/\/www.basketbalolomouc.eu\/\",\"logo\":{\"@type\":\"ImageObject\",\"inLanguage\":\"cs\",\"@id\":\"https:\/\/www.basketbalolomouc.eu\/#\/schema\/logo\/image\/\",\"url\":\"http:\/\/www.basketbalolomouc.eu\/wp-content\/uploads\/2018\/08\/logo_basketbal_olomouc.jpg\",\"contentUrl\":\"http:\/\/www.basketbalolomouc.eu\/wp-content\/uploads\/2018\/08\/logo_basketbal_olomouc.jpg\",\"width\":1180,\"height\":1180,\"caption\":\"Basketbal Olomouc\"},\"image\":{\"@id\":\"https:\/\/www.basketbalolomouc.eu\/#\/schema\/logo\/image\/\"},\"sameAs\":[\"https:\/\/www.facebook.com\/BasketbalOlomouc\/\"]},{\"@type\":\"Person\",\"@id\":\"https:\/\/www.basketbalolomouc.eu\/#\/schema\/person\/55f3f9c30c429ebe52d080eadc3ca07c\",\"name\":\"admin\",\"image\":{\"@type\":\"ImageObject\",\"inLanguage\":\"cs\",\"@id\":\"https:\/\/www.basketbalolomouc.eu\/#\/schema\/person\/image\/\",\"url\":\"https:\/\/secure.gravatar.com\/avatar\/9d1de5457b139edf6366e02182f22397?s=96&d=mm&r=g\",\"contentUrl\":\"https:\/\/secure.gravatar.com\/avatar\/9d1de5457b139edf6366e02182f22397?s=96&d=mm&r=g\",\"caption\":\"admin\"},\"url\":\"https:\/\/www.basketbalolomouc.eu\/?author=1\"}]}<\/script>\n<!-- \/ Yoast SEO plugin. -->","yoast_head_json":{"title":"V\u00a0Ostrav\u011b jsme na v\u00fdhru nedos\u00e1hli - Basketbal Olomouc","robots":{"index":"index","follow":"follow","max-snippet":"max-snippet:-1","max-image-preview":"max-image-preview:large","max-video-preview":"max-video-preview:-1"},"canonical":"https:\/\/www.basketbalolomouc.eu\/?p=4568","og_locale":"cs_CZ","og_type":"article","og_title":"V\u00a0Ostrav\u011b jsme na v\u00fdhru nedos\u00e1hli - Basketbal Olomouc","og_description":"V\u00a0prvn\u00edm mistrovsk\u00e9m utk\u00e1n\u00ed nov\u00e9 sezony hr\u00e1\u010di Basketbalu Olomouc na v\u00edt\u011bzstv\u00ed nedos\u00e1hli. Na p\u016fd\u011b ostravsk\u00e9ho MS Academy prohr\u00e1li 73:93, kdy\u017e neuhl\u00eddali p\u0159esn\u011b sk\u00f3ruj\u00edc\u00ed st\u0159elce soupe\u0159e. Dom\u00e1c\u00ed m\u011bli nev\u00eddanou osmdes\u00e1ti procentn\u00ed \u00fasp\u011b\u0161nost a prom\u011bnili jeden\u00e1ct ze t\u0159in\u00e1cti trojkov\u00fdch pokus\u016f. V\u00a0sestav\u011b Olomouce byl nejlep\u0161\u00edm st\u0159elcem Matt Lesch, kter\u00fd dal 21 bod\u016f, po patn\u00e1cti bodech p\u0159idali Igor Svoboda a &hellip; V\u00a0Ostrav\u011b jsme na v\u00fdhru nedos\u00e1hli Pokra\u010dovat ve \u010dten\u00ed &raquo;","og_url":"https:\/\/www.basketbalolomouc.eu\/?p=4568","og_site_name":"Basketbal Olomouc","article_publisher":"https:\/\/www.facebook.com\/BasketbalOlomouc\/","article_published_time":"2025-10-07T11:57:12+00:00","article_modified_time":"2025-11-01T22:27:54+00:00","og_image":[{"width":1536,"height":1024,"url":"http:\/\/www.basketbalolomouc.eu\/wp-content\/uploads\/2025\/10\/ChatGPT-Image-8.-10.-2025-13_42_21.jpg","type":"image\/jpeg"}],"author":"admin","twitter_card":"summary_large_image","twitter_misc":{"Napsal(a)":"admin","Odhadovan\u00e1 doba \u010dten\u00ed":"1 minuta"},"schema":{"@context":"https:\/\/schema.org","@graph":[{"@type":"Article","@id":"https:\/\/www.basketbalolomouc.eu\/?p=4568#article","isPartOf":{"@id":"https:\/\/www.basketbalolomouc.eu\/?p=4568"},"author":{"name":"admin","@id":"https:\/\/www.basketbalolomouc.eu\/#\/schema\/person\/55f3f9c30c429ebe52d080eadc3ca07c"},"headline":"V\u00a0Ostrav\u011b jsme na v\u00fdhru nedos\u00e1hli","datePublished":"2025-10-07T11:57:12+00:00","dateModified":"2025-11-01T22:27:54+00:00","mainEntityOfPage":{"@id":"https:\/\/www.basketbalolomouc.eu\/?p=4568"},"wordCount":96,"commentCount":0,"publisher":{"@id":"https:\/\/www.basketbalolomouc.eu\/#organization"},"image":{"@id":"https:\/\/www.basketbalolomouc.eu\/?p=4568#primaryimage"},"thumbnailUrl":"https:\/\/www.basketbalolomouc.eu\/wp-content\/uploads\/2025\/10\/ChatGPT-Image-8.-10.-2025-13_42_21.jpg","inLanguage":"cs","potentialAction":[{"@type":"CommentAction","name":"Comment","target":["https:\/\/www.basketbalolomouc.eu\/?p=4568#respond"]}]},{"@type":"WebPage","@id":"https:\/\/www.basketbalolomouc.eu\/?p=4568","url":"https:\/\/www.basketbalolomouc.eu\/?p=4568","name":"V\u00a0Ostrav\u011b jsme na v\u00fdhru nedos\u00e1hli - Basketbal Olomouc","isPartOf":{"@id":"https:\/\/www.basketbalolomouc.eu\/#website"},"primaryImageOfPage":{"@id":"https:\/\/www.basketbalolomouc.eu\/?p=4568#primaryimage"},"image":{"@id":"https:\/\/www.basketbalolomouc.eu\/?p=4568#primaryimage"},"thumbnailUrl":"https:\/\/www.basketbalolomouc.eu\/wp-content\/uploads\/2025\/10\/ChatGPT-Image-8.-10.-2025-13_42_21.jpg","datePublished":"2025-10-07T11:57:12+00:00","dateModified":"2025-11-01T22:27:54+00:00","breadcrumb":{"@id":"https:\/\/www.basketbalolomouc.eu\/?p=4568#breadcrumb"},"inLanguage":"cs","potentialAction":[{"@type":"ReadAction","target":["https:\/\/www.basketbalolomouc.eu\/?p=4568"]}]},{"@type":"ImageObject","inLanguage":"cs","@id":"https:\/\/www.basketbalolomouc.eu\/?p=4568#primaryimage","url":"https:\/\/www.basketbalolomouc.eu\/wp-content\/uploads\/2025\/10\/ChatGPT-Image-8.-10.-2025-13_42_21.jpg","contentUrl":"https:\/\/www.basketbalolomouc.eu\/wp-content\/uploads\/2025\/10\/ChatGPT-Image-8.-10.-2025-13_42_21.jpg","width":1536,"height":1024},{"@type":"BreadcrumbList","@id":"https:\/\/www.basketbalolomouc.eu\/?p=4568#breadcrumb","itemListElement":[{"@type":"ListItem","position":1,"name":"Dom\u016f","item":"https:\/\/www.basketbalolomouc.eu\/"},{"@type":"ListItem","position":2,"name":"V\u00a0Ostrav\u011b jsme na v\u00fdhru nedos\u00e1hli"}]},{"@type":"WebSite","@id":"https:\/\/www.basketbalolomouc.eu\/#website","url":"https:\/\/www.basketbalolomouc.eu\/","name":"Basketbal Olomouc","description":"Basketbalov\u00fd klub","publisher":{"@id":"https:\/\/www.basketbalolomouc.eu\/#organization"},"potentialAction":[{"@type":"SearchAction","target":{"@type":"EntryPoint","urlTemplate":"https:\/\/www.basketbalolomouc.eu\/?s={search_term_string}"},"query-input":{"@type":"PropertyValueSpecification","valueRequired":true,"valueName":"search_term_string"}}],"inLanguage":"cs"},{"@type":"Organization","@id":"https:\/\/www.basketbalolomouc.eu\/#organization","name":"Basketbal Olomouc","url":"https:\/\/www.basketbalolomouc.eu\/","logo":{"@type":"ImageObject","inLanguage":"cs","@id":"https:\/\/www.basketbalolomouc.eu\/#\/schema\/logo\/image\/","url":"http:\/\/www.basketbalolomouc.eu\/wp-content\/uploads\/2018\/08\/logo_basketbal_olomouc.jpg","contentUrl":"http:\/\/www.basketbalolomouc.eu\/wp-content\/uploads\/2018\/08\/logo_basketbal_olomouc.jpg","width":1180,"height":1180,"caption":"Basketbal Olomouc"},"image":{"@id":"https:\/\/www.basketbalolomouc.eu\/#\/schema\/logo\/image\/"},"sameAs":["https:\/\/www.facebook.com\/BasketbalOlomouc\/"]},{"@type":"Person","@id":"https:\/\/www.basketbalolomouc.eu\/#\/schema\/person\/55f3f9c30c429ebe52d080eadc3ca07c","name":"admin","image":{"@type":"ImageObject","inLanguage":"cs","@id":"https:\/\/www.basketbalolomouc.eu\/#\/schema\/person\/image\/","url":"https:\/\/secure.gravatar.com\/avatar\/9d1de5457b139edf6366e02182f22397?s=96&d=mm&r=g","contentUrl":"https:\/\/secure.gravatar.com\/avatar\/9d1de5457b139edf6366e02182f22397?s=96&d=mm&r=g","caption":"admin"},"url":"https:\/\/www.basketbalolomouc.eu\/?author=1"}]}},"_links":{"self":[{"href":"https:\/\/www.basketbalolomouc.eu\/index.php?rest_route=\/wp\/v2\/posts\/4568","targetHints":{"allow":["GET"]}}],"collection":[{"href":"https:\/\/www.basketbalolomouc.eu\/index.php?rest_route=\/wp\/v2\/posts"}],"about":[{"href":"https:\/\/www.basketbalolomouc.eu\/index.php?rest_route=\/wp\/v2\/types\/post"}],"author":[{"embeddable":true,"href":"https:\/\/www.basketbalolomouc.eu\/index.php?rest_route=\/wp\/v2\/users\/1"}],"replies":[{"embeddable":true,"href":"https:\/\/www.basketbalolomouc.eu\/index.php?rest_route=%2Fwp%2Fv2%2Fcomments&post=4568"}],"version-history":[{"count":1,"href":"https:\/\/www.basketbalolomouc.eu\/index.php?rest_route=\/wp\/v2\/posts\/4568\/revisions"}],"predecessor-version":[{"id":4641,"href":"https:\/\/www.basketbalolomouc.eu\/index.php?rest_route=\/wp\/v2\/posts\/4568\/revisions\/4641"}],"wp:featuredmedia":[{"embeddable":true,"href":"https:\/\/www.basketbalolomouc.eu\/index.php?rest_route=\/wp\/v2\/media\/4642"}],"wp:attachment":[{"href":"https:\/\/www.basketbalolomouc.eu\/index.php?rest_route=%2Fwp%2Fv2%2Fmedia&parent=4568"}],"wp:term":[{"taxonomy":"category","embeddable":true,"href":"https:\/\/www.basketbalolomouc.eu\/index.php?rest_route=%2Fwp%2Fv2%2Fcategories&post=4568"},{"taxonomy":"post_tag","embeddable":true,"href":"https:\/\/www.basketbalolomouc.eu\/index.php?rest_route=%2Fwp%2Fv2%2Ftags&post=4568"}],"curies":[{"name":"wp","href":"https:\/\/api.w.org\/{rel}","templated":true}]}}