{"id":4558,"date":"2025-09-19T12:19:38","date_gmt":"2025-09-19T10:19:38","guid":{"rendered":"https:\/\/www.basketbalolomouc.eu\/?p=4558"},"modified":"2025-10-19T20:06:05","modified_gmt":"2025-10-19T18:06:05","slug":"obmenenou-sestavu-ceka-start-prvni-ligy","status":"publish","type":"post","link":"https:\/\/www.basketbalolomouc.eu\/?p=4558","title":{"rendered":"Obm\u011bn\u011bnou sestavu \u010dek\u00e1 start prvn\u00ed ligy"},"content":{"rendered":"\n<p>U\u017e v&nbsp;ned\u011bli vstoup\u00ed do nov\u00e9 prvoligov\u00e9 sezony t\u00fdm Basketbal Olomouc. Op\u011bt tren\u00e9rem Predragem Ben\u00e1\u010dkem na st\u0159\u00edda\u010dce a v\u00fdrazn\u011b obm\u011bn\u011bn\u00fdm k\u00e1drem, z&nbsp;n\u011bho\u017e ode\u0161lo hned \u0161est hr\u00e1\u010d\u016f.<\/p>\n\n\n\n<p>\u201eJsem r\u00e1d, \u017ee jsme se domluvili na dal\u0161\u00ed spolupr\u00e1ci s&nbsp;kou\u010dem Predragem Ben\u00e1\u010dkem, z jeho zku\u0161enosti mohou mlad\u00ed hr\u00e1\u010di hodn\u011b na\u010derpat. T\u011b\u0161\u00ed m\u011b, \u017ee v dru\u017estvu i nad\u00e1le bude p\u016fsobit kapit\u00e1n dru\u017estva Radek Jurka, Daniel Ml\u010doch, Jan Grmolensk\u00fd, Karel O\u010den\u00e1\u0161ek nebo Roman Ml\u010doch,\u201c \u0159\u00edk\u00e1 na startu nov\u00e9 sezony \u0161\u00e9f klubu Michal Pek\u00e1rek.<\/p>\n\n\n\n<p>Na uvoln\u011bn\u00e1 m\u00edsta dorazili ost\u0159\u00edlen\u00ed basketbalist\u00e9. Na pozici 5 p\u0159i\u0161el pivot Igor Svoboda hr\u00e1\u010d ze zku\u0161enostmi z Kooperativa NBL z uplynul\u00fdch dvou sezon. Dal\u0161\u00edm nov\u00e1\u010dkem je Matthew Joseph Lesh, kter\u00fd v minul\u00e9 sezon\u011b hr\u00e1l slovenskou nejvy\u0161\u0161\u00ed sout\u011b\u017e za Nitru a jde o dobr\u00e9ho st\u0159elce a siln\u00e9ho hr\u00e1\u010de na doskoku. Posilou i zku\u0161en\u00fd hr\u00e1\u010d Boris Vitkovi\u010d. Je pravd\u011bpodobn\u00e9, \u017ee za Olomouc bude hr\u00e1t i Jakub \u0160ev\u010d\u00edk, kter\u00fd p\u016fsobil n\u011bkolik sezon v N\u011bmecku. Dal\u0161\u00edm hr\u00e1\u010dem je reprezentant 3&#215;3 Josef Gale, kter\u00fd se k dru\u017estvu p\u0159ipoj\u00ed p\u0159\u00ed\u0161t\u00ed t\u00fdden po MS \u010c\u00edn\u011b. Na pozici \u010dty\u0159i se vrac\u00ed po ro\u010dn\u00ed odmlce zku\u0161en\u00fd Eugeniu Scripcaru jeho\u017e zku\u0161enost a p\u0159ehled t\u00fdmu v minul\u00e9m ro\u010dn\u00edku hodn\u011b chyb\u011bl. \u201eV\u0161ichni splnili na\u0161e o\u010dek\u00e1v\u00e1n\u00ed,\u201c t\u011b\u0161\u00ed Pek\u00e1rka, podle n\u011bho\u017e je t\u00fdm i klub na nov\u00fd ro\u010dn\u00edk nachystan\u00fd. \u201eVelk\u00fd d\u00edk Romanovi \u0160varcovi, se kter\u00fdm spolupracujeme spolu v\u00edce ne\u017e deset let. S\u00e1m basket hr\u00e1val, v\u00ed, co hr\u00e1\u010di pot\u0159ebuj\u00ed. Kondi\u010dn\u011b je dru\u017estvo dob\u0159e p\u0159ipraven\u00e9. Pod\u011bkov\u00e1n\u00ed pat\u0159\u00ed i organiza\u010dn\u00edmu vedouc\u00edmu Martinu \u0160ev\u010d\u00edkovi, kter\u00fd m\u011bl hodn\u011b pr\u00e1ce s p\u0159estupy a registrac\u00ed hr\u00e1\u010d\u016f,\u201c dodal Pek\u00e1rek.<\/p>\n\n\n\n<p>Basketbal Olomouc v\u00a0prvn\u00edm kole vyzve v\u00a0Ostrav\u011b t\u00fdm MS Academy, \u00favodn\u00ed dom\u00e1c\u00ed z\u00e1pas odehraje v p\u00e1tek 26. z\u00e1\u0159\u00ed od 20 hodin v\u00a0\u010cajkar\u00e9n\u011b a soupe\u0159em bude GBA Jind\u0159ich\u016fv Hradec.<\/p>\n","protected":false},"excerpt":{"rendered":"<p>U\u017e v&nbsp;ned\u011bli vstoup\u00ed do nov\u00e9 prvoligov\u00e9 sezony t\u00fdm Basketbal Olomouc. Op\u011bt tren\u00e9rem Predragem Ben\u00e1\u010dkem na st\u0159\u00edda\u010dce a v\u00fdrazn\u011b obm\u011bn\u011bn\u00fdm k\u00e1drem, z&nbsp;n\u011bho\u017e ode\u0161lo hned \u0161est hr\u00e1\u010d\u016f. \u201eJsem r\u00e1d, \u017ee jsme se domluvili na dal\u0161\u00ed spolupr\u00e1ci s&nbsp;kou\u010dem Predragem Ben\u00e1\u010dkem, z jeho zku\u0161enosti mohou mlad\u00ed hr\u00e1\u010di hodn\u011b na\u010derpat. T\u011b\u0161\u00ed m\u011b, \u017ee v dru\u017estvu i nad\u00e1le bude p\u016fsobit kapit\u00e1n &hellip;<\/p>\n<p class=\"read-more\"> <a class=\"\" href=\"https:\/\/www.basketbalolomouc.eu\/?p=4558\"> <span class=\"screen-reader-text\">Obm\u011bn\u011bnou sestavu \u010dek\u00e1 start prvn\u00ed ligy<\/span> Pokra\u010dovat ve \u010dten\u00ed &raquo;<\/a><\/p>\n","protected":false},"author":1,"featured_media":4469,"comment_status":"open","ping_status":"open","sticky":false,"template":"","format":"standard","meta":{"wp_popup_display_lightbox":0,"wp_popup_suppress":"","wp_popup_trigger":"","wp_popup_trigger_amount":0,"wp_popup_disable_on_mobile":false,"ngg_post_thumbnail":0,"footnotes":""},"categories":[1],"tags":[],"class_list":["post-4558","post","type-post","status-publish","format-standard","has-post-thumbnail","hentry","category-nezarazene"],"yoast_head":"<!-- This site is optimized with the Yoast SEO plugin v24.0 - https:\/\/yoast.com\/wordpress\/plugins\/seo\/ -->\n<title>Obm\u011bn\u011bnou sestavu \u010dek\u00e1 start prvn\u00ed ligy - Basketbal Olomouc<\/title>\n<meta name=\"robots\" content=\"index, follow, max-snippet:-1, max-image-preview:large, max-video-preview:-1\" \/>\n<link rel=\"canonical\" href=\"https:\/\/www.basketbalolomouc.eu\/?p=4558\" \/>\n<meta property=\"og:locale\" content=\"cs_CZ\" \/>\n<meta property=\"og:type\" content=\"article\" \/>\n<meta property=\"og:title\" content=\"Obm\u011bn\u011bnou sestavu \u010dek\u00e1 start prvn\u00ed ligy - Basketbal Olomouc\" \/>\n<meta property=\"og:description\" content=\"U\u017e v&nbsp;ned\u011bli vstoup\u00ed do nov\u00e9 prvoligov\u00e9 sezony t\u00fdm Basketbal Olomouc. Op\u011bt tren\u00e9rem Predragem Ben\u00e1\u010dkem na st\u0159\u00edda\u010dce a v\u00fdrazn\u011b obm\u011bn\u011bn\u00fdm k\u00e1drem, z&nbsp;n\u011bho\u017e ode\u0161lo hned \u0161est hr\u00e1\u010d\u016f. \u201eJsem r\u00e1d, \u017ee jsme se domluvili na dal\u0161\u00ed spolupr\u00e1ci s&nbsp;kou\u010dem Predragem Ben\u00e1\u010dkem, z jeho zku\u0161enosti mohou mlad\u00ed hr\u00e1\u010di hodn\u011b na\u010derpat. T\u011b\u0161\u00ed m\u011b, \u017ee v dru\u017estvu i nad\u00e1le bude p\u016fsobit kapit\u00e1n &hellip; Obm\u011bn\u011bnou sestavu \u010dek\u00e1 start prvn\u00ed ligy Pokra\u010dovat ve \u010dten\u00ed &raquo;\" \/>\n<meta property=\"og:url\" content=\"https:\/\/www.basketbalolomouc.eu\/?p=4558\" \/>\n<meta property=\"og:site_name\" content=\"Basketbal Olomouc\" \/>\n<meta property=\"article:publisher\" content=\"https:\/\/www.facebook.com\/BasketbalOlomouc\/\" \/>\n<meta property=\"article:published_time\" content=\"2025-09-19T10:19:38+00:00\" \/>\n<meta property=\"article:modified_time\" content=\"2025-10-19T18:06:05+00:00\" \/>\n<meta property=\"og:image\" content=\"http:\/\/www.basketbalolomouc.eu\/wp-content\/uploads\/2025\/05\/papier-peint-ballon-de-basket-design-moderne-et-dynamique_82466048-8033-4102-ad5d-1af882f4a024.webp\" \/>\n\t<meta property=\"og:image:width\" content=\"1000\" \/>\n\t<meta property=\"og:image:height\" content=\"560\" \/>\n\t<meta property=\"og:image:type\" content=\"image\/webp\" \/>\n<meta name=\"author\" content=\"admin\" \/>\n<meta name=\"twitter:card\" content=\"summary_large_image\" \/>\n<meta name=\"twitter:label1\" content=\"Napsal(a)\" \/>\n\t<meta name=\"twitter:data1\" content=\"admin\" \/>\n\t<meta name=\"twitter:label2\" content=\"Odhadovan\u00e1 doba \u010dten\u00ed\" \/>\n\t<meta name=\"twitter:data2\" content=\"2 minuty\" \/>\n<script type=\"application\/ld+json\" class=\"yoast-schema-graph\">{\"@context\":\"https:\/\/schema.org\",\"@graph\":[{\"@type\":\"Article\",\"@id\":\"https:\/\/www.basketbalolomouc.eu\/?p=4558#article\",\"isPartOf\":{\"@id\":\"https:\/\/www.basketbalolomouc.eu\/?p=4558\"},\"author\":{\"name\":\"admin\",\"@id\":\"https:\/\/www.basketbalolomouc.eu\/#\/schema\/person\/55f3f9c30c429ebe52d080eadc3ca07c\"},\"headline\":\"Obm\u011bn\u011bnou sestavu \u010dek\u00e1 start prvn\u00ed ligy\",\"datePublished\":\"2025-09-19T10:19:38+00:00\",\"dateModified\":\"2025-10-19T18:06:05+00:00\",\"mainEntityOfPage\":{\"@id\":\"https:\/\/www.basketbalolomouc.eu\/?p=4558\"},\"wordCount\":392,\"commentCount\":0,\"publisher\":{\"@id\":\"https:\/\/www.basketbalolomouc.eu\/#organization\"},\"image\":{\"@id\":\"https:\/\/www.basketbalolomouc.eu\/?p=4558#primaryimage\"},\"thumbnailUrl\":\"https:\/\/www.basketbalolomouc.eu\/wp-content\/uploads\/2025\/05\/papier-peint-ballon-de-basket-design-moderne-et-dynamique_82466048-8033-4102-ad5d-1af882f4a024.webp\",\"inLanguage\":\"cs\",\"potentialAction\":[{\"@type\":\"CommentAction\",\"name\":\"Comment\",\"target\":[\"https:\/\/www.basketbalolomouc.eu\/?p=4558#respond\"]}]},{\"@type\":\"WebPage\",\"@id\":\"https:\/\/www.basketbalolomouc.eu\/?p=4558\",\"url\":\"https:\/\/www.basketbalolomouc.eu\/?p=4558\",\"name\":\"Obm\u011bn\u011bnou sestavu \u010dek\u00e1 start prvn\u00ed ligy - Basketbal Olomouc\",\"isPartOf\":{\"@id\":\"https:\/\/www.basketbalolomouc.eu\/#website\"},\"primaryImageOfPage\":{\"@id\":\"https:\/\/www.basketbalolomouc.eu\/?p=4558#primaryimage\"},\"image\":{\"@id\":\"https:\/\/www.basketbalolomouc.eu\/?p=4558#primaryimage\"},\"thumbnailUrl\":\"https:\/\/www.basketbalolomouc.eu\/wp-content\/uploads\/2025\/05\/papier-peint-ballon-de-basket-design-moderne-et-dynamique_82466048-8033-4102-ad5d-1af882f4a024.webp\",\"datePublished\":\"2025-09-19T10:19:38+00:00\",\"dateModified\":\"2025-10-19T18:06:05+00:00\",\"breadcrumb\":{\"@id\":\"https:\/\/www.basketbalolomouc.eu\/?p=4558#breadcrumb\"},\"inLanguage\":\"cs\",\"potentialAction\":[{\"@type\":\"ReadAction\",\"target\":[\"https:\/\/www.basketbalolomouc.eu\/?p=4558\"]}]},{\"@type\":\"ImageObject\",\"inLanguage\":\"cs\",\"@id\":\"https:\/\/www.basketbalolomouc.eu\/?p=4558#primaryimage\",\"url\":\"https:\/\/www.basketbalolomouc.eu\/wp-content\/uploads\/2025\/05\/papier-peint-ballon-de-basket-design-moderne-et-dynamique_82466048-8033-4102-ad5d-1af882f4a024.webp\",\"contentUrl\":\"https:\/\/www.basketbalolomouc.eu\/wp-content\/uploads\/2025\/05\/papier-peint-ballon-de-basket-design-moderne-et-dynamique_82466048-8033-4102-ad5d-1af882f4a024.webp\",\"width\":1000,\"height\":560},{\"@type\":\"BreadcrumbList\",\"@id\":\"https:\/\/www.basketbalolomouc.eu\/?p=4558#breadcrumb\",\"itemListElement\":[{\"@type\":\"ListItem\",\"position\":1,\"name\":\"Dom\u016f\",\"item\":\"https:\/\/www.basketbalolomouc.eu\/\"},{\"@type\":\"ListItem\",\"position\":2,\"name\":\"Obm\u011bn\u011bnou sestavu \u010dek\u00e1 start prvn\u00ed ligy\"}]},{\"@type\":\"WebSite\",\"@id\":\"https:\/\/www.basketbalolomouc.eu\/#website\",\"url\":\"https:\/\/www.basketbalolomouc.eu\/\",\"name\":\"Basketbal Olomouc\",\"description\":\"Basketbalov\u00fd klub\",\"publisher\":{\"@id\":\"https:\/\/www.basketbalolomouc.eu\/#organization\"},\"potentialAction\":[{\"@type\":\"SearchAction\",\"target\":{\"@type\":\"EntryPoint\",\"urlTemplate\":\"https:\/\/www.basketbalolomouc.eu\/?s={search_term_string}\"},\"query-input\":{\"@type\":\"PropertyValueSpecification\",\"valueRequired\":true,\"valueName\":\"search_term_string\"}}],\"inLanguage\":\"cs\"},{\"@type\":\"Organization\",\"@id\":\"https:\/\/www.basketbalolomouc.eu\/#organization\",\"name\":\"Basketbal Olomouc\",\"url\":\"https:\/\/www.basketbalolomouc.eu\/\",\"logo\":{\"@type\":\"ImageObject\",\"inLanguage\":\"cs\",\"@id\":\"https:\/\/www.basketbalolomouc.eu\/#\/schema\/logo\/image\/\",\"url\":\"http:\/\/www.basketbalolomouc.eu\/wp-content\/uploads\/2018\/08\/logo_basketbal_olomouc.jpg\",\"contentUrl\":\"http:\/\/www.basketbalolomouc.eu\/wp-content\/uploads\/2018\/08\/logo_basketbal_olomouc.jpg\",\"width\":1180,\"height\":1180,\"caption\":\"Basketbal Olomouc\"},\"image\":{\"@id\":\"https:\/\/www.basketbalolomouc.eu\/#\/schema\/logo\/image\/\"},\"sameAs\":[\"https:\/\/www.facebook.com\/BasketbalOlomouc\/\"]},{\"@type\":\"Person\",\"@id\":\"https:\/\/www.basketbalolomouc.eu\/#\/schema\/person\/55f3f9c30c429ebe52d080eadc3ca07c\",\"name\":\"admin\",\"image\":{\"@type\":\"ImageObject\",\"inLanguage\":\"cs\",\"@id\":\"https:\/\/www.basketbalolomouc.eu\/#\/schema\/person\/image\/\",\"url\":\"https:\/\/secure.gravatar.com\/avatar\/9d1de5457b139edf6366e02182f22397?s=96&d=mm&r=g\",\"contentUrl\":\"https:\/\/secure.gravatar.com\/avatar\/9d1de5457b139edf6366e02182f22397?s=96&d=mm&r=g\",\"caption\":\"admin\"},\"url\":\"https:\/\/www.basketbalolomouc.eu\/?author=1\"}]}<\/script>\n<!-- \/ Yoast SEO plugin. -->","yoast_head_json":{"title":"Obm\u011bn\u011bnou sestavu \u010dek\u00e1 start prvn\u00ed ligy - Basketbal Olomouc","robots":{"index":"index","follow":"follow","max-snippet":"max-snippet:-1","max-image-preview":"max-image-preview:large","max-video-preview":"max-video-preview:-1"},"canonical":"https:\/\/www.basketbalolomouc.eu\/?p=4558","og_locale":"cs_CZ","og_type":"article","og_title":"Obm\u011bn\u011bnou sestavu \u010dek\u00e1 start prvn\u00ed ligy - Basketbal Olomouc","og_description":"U\u017e v&nbsp;ned\u011bli vstoup\u00ed do nov\u00e9 prvoligov\u00e9 sezony t\u00fdm Basketbal Olomouc. Op\u011bt tren\u00e9rem Predragem Ben\u00e1\u010dkem na st\u0159\u00edda\u010dce a v\u00fdrazn\u011b obm\u011bn\u011bn\u00fdm k\u00e1drem, z&nbsp;n\u011bho\u017e ode\u0161lo hned \u0161est hr\u00e1\u010d\u016f. \u201eJsem r\u00e1d, \u017ee jsme se domluvili na dal\u0161\u00ed spolupr\u00e1ci s&nbsp;kou\u010dem Predragem Ben\u00e1\u010dkem, z jeho zku\u0161enosti mohou mlad\u00ed hr\u00e1\u010di hodn\u011b na\u010derpat. T\u011b\u0161\u00ed m\u011b, \u017ee v dru\u017estvu i nad\u00e1le bude p\u016fsobit kapit\u00e1n &hellip; Obm\u011bn\u011bnou sestavu \u010dek\u00e1 start prvn\u00ed ligy Pokra\u010dovat ve \u010dten\u00ed &raquo;","og_url":"https:\/\/www.basketbalolomouc.eu\/?p=4558","og_site_name":"Basketbal Olomouc","article_publisher":"https:\/\/www.facebook.com\/BasketbalOlomouc\/","article_published_time":"2025-09-19T10:19:38+00:00","article_modified_time":"2025-10-19T18:06:05+00:00","og_image":[{"width":1000,"height":560,"url":"http:\/\/www.basketbalolomouc.eu\/wp-content\/uploads\/2025\/05\/papier-peint-ballon-de-basket-design-moderne-et-dynamique_82466048-8033-4102-ad5d-1af882f4a024.webp","type":"image\/webp"}],"author":"admin","twitter_card":"summary_large_image","twitter_misc":{"Napsal(a)":"admin","Odhadovan\u00e1 doba \u010dten\u00ed":"2 minuty"},"schema":{"@context":"https:\/\/schema.org","@graph":[{"@type":"Article","@id":"https:\/\/www.basketbalolomouc.eu\/?p=4558#article","isPartOf":{"@id":"https:\/\/www.basketbalolomouc.eu\/?p=4558"},"author":{"name":"admin","@id":"https:\/\/www.basketbalolomouc.eu\/#\/schema\/person\/55f3f9c30c429ebe52d080eadc3ca07c"},"headline":"Obm\u011bn\u011bnou sestavu \u010dek\u00e1 start prvn\u00ed ligy","datePublished":"2025-09-19T10:19:38+00:00","dateModified":"2025-10-19T18:06:05+00:00","mainEntityOfPage":{"@id":"https:\/\/www.basketbalolomouc.eu\/?p=4558"},"wordCount":392,"commentCount":0,"publisher":{"@id":"https:\/\/www.basketbalolomouc.eu\/#organization"},"image":{"@id":"https:\/\/www.basketbalolomouc.eu\/?p=4558#primaryimage"},"thumbnailUrl":"https:\/\/www.basketbalolomouc.eu\/wp-content\/uploads\/2025\/05\/papier-peint-ballon-de-basket-design-moderne-et-dynamique_82466048-8033-4102-ad5d-1af882f4a024.webp","inLanguage":"cs","potentialAction":[{"@type":"CommentAction","name":"Comment","target":["https:\/\/www.basketbalolomouc.eu\/?p=4558#respond"]}]},{"@type":"WebPage","@id":"https:\/\/www.basketbalolomouc.eu\/?p=4558","url":"https:\/\/www.basketbalolomouc.eu\/?p=4558","name":"Obm\u011bn\u011bnou sestavu \u010dek\u00e1 start prvn\u00ed ligy - Basketbal Olomouc","isPartOf":{"@id":"https:\/\/www.basketbalolomouc.eu\/#website"},"primaryImageOfPage":{"@id":"https:\/\/www.basketbalolomouc.eu\/?p=4558#primaryimage"},"image":{"@id":"https:\/\/www.basketbalolomouc.eu\/?p=4558#primaryimage"},"thumbnailUrl":"https:\/\/www.basketbalolomouc.eu\/wp-content\/uploads\/2025\/05\/papier-peint-ballon-de-basket-design-moderne-et-dynamique_82466048-8033-4102-ad5d-1af882f4a024.webp","datePublished":"2025-09-19T10:19:38+00:00","dateModified":"2025-10-19T18:06:05+00:00","breadcrumb":{"@id":"https:\/\/www.basketbalolomouc.eu\/?p=4558#breadcrumb"},"inLanguage":"cs","potentialAction":[{"@type":"ReadAction","target":["https:\/\/www.basketbalolomouc.eu\/?p=4558"]}]},{"@type":"ImageObject","inLanguage":"cs","@id":"https:\/\/www.basketbalolomouc.eu\/?p=4558#primaryimage","url":"https:\/\/www.basketbalolomouc.eu\/wp-content\/uploads\/2025\/05\/papier-peint-ballon-de-basket-design-moderne-et-dynamique_82466048-8033-4102-ad5d-1af882f4a024.webp","contentUrl":"https:\/\/www.basketbalolomouc.eu\/wp-content\/uploads\/2025\/05\/papier-peint-ballon-de-basket-design-moderne-et-dynamique_82466048-8033-4102-ad5d-1af882f4a024.webp","width":1000,"height":560},{"@type":"BreadcrumbList","@id":"https:\/\/www.basketbalolomouc.eu\/?p=4558#breadcrumb","itemListElement":[{"@type":"ListItem","position":1,"name":"Dom\u016f","item":"https:\/\/www.basketbalolomouc.eu\/"},{"@type":"ListItem","position":2,"name":"Obm\u011bn\u011bnou sestavu \u010dek\u00e1 start prvn\u00ed ligy"}]},{"@type":"WebSite","@id":"https:\/\/www.basketbalolomouc.eu\/#website","url":"https:\/\/www.basketbalolomouc.eu\/","name":"Basketbal Olomouc","description":"Basketbalov\u00fd klub","publisher":{"@id":"https:\/\/www.basketbalolomouc.eu\/#organization"},"potentialAction":[{"@type":"SearchAction","target":{"@type":"EntryPoint","urlTemplate":"https:\/\/www.basketbalolomouc.eu\/?s={search_term_string}"},"query-input":{"@type":"PropertyValueSpecification","valueRequired":true,"valueName":"search_term_string"}}],"inLanguage":"cs"},{"@type":"Organization","@id":"https:\/\/www.basketbalolomouc.eu\/#organization","name":"Basketbal Olomouc","url":"https:\/\/www.basketbalolomouc.eu\/","logo":{"@type":"ImageObject","inLanguage":"cs","@id":"https:\/\/www.basketbalolomouc.eu\/#\/schema\/logo\/image\/","url":"http:\/\/www.basketbalolomouc.eu\/wp-content\/uploads\/2018\/08\/logo_basketbal_olomouc.jpg","contentUrl":"http:\/\/www.basketbalolomouc.eu\/wp-content\/uploads\/2018\/08\/logo_basketbal_olomouc.jpg","width":1180,"height":1180,"caption":"Basketbal Olomouc"},"image":{"@id":"https:\/\/www.basketbalolomouc.eu\/#\/schema\/logo\/image\/"},"sameAs":["https:\/\/www.facebook.com\/BasketbalOlomouc\/"]},{"@type":"Person","@id":"https:\/\/www.basketbalolomouc.eu\/#\/schema\/person\/55f3f9c30c429ebe52d080eadc3ca07c","name":"admin","image":{"@type":"ImageObject","inLanguage":"cs","@id":"https:\/\/www.basketbalolomouc.eu\/#\/schema\/person\/image\/","url":"https:\/\/secure.gravatar.com\/avatar\/9d1de5457b139edf6366e02182f22397?s=96&d=mm&r=g","contentUrl":"https:\/\/secure.gravatar.com\/avatar\/9d1de5457b139edf6366e02182f22397?s=96&d=mm&r=g","caption":"admin"},"url":"https:\/\/www.basketbalolomouc.eu\/?author=1"}]}},"_links":{"self":[{"href":"https:\/\/www.basketbalolomouc.eu\/index.php?rest_route=\/wp\/v2\/posts\/4558","targetHints":{"allow":["GET"]}}],"collection":[{"href":"https:\/\/www.basketbalolomouc.eu\/index.php?rest_route=\/wp\/v2\/posts"}],"about":[{"href":"https:\/\/www.basketbalolomouc.eu\/index.php?rest_route=\/wp\/v2\/types\/post"}],"author":[{"embeddable":true,"href":"https:\/\/www.basketbalolomouc.eu\/index.php?rest_route=\/wp\/v2\/users\/1"}],"replies":[{"embeddable":true,"href":"https:\/\/www.basketbalolomouc.eu\/index.php?rest_route=%2Fwp%2Fv2%2Fcomments&post=4558"}],"version-history":[{"count":1,"href":"https:\/\/www.basketbalolomouc.eu\/index.php?rest_route=\/wp\/v2\/posts\/4558\/revisions"}],"predecessor-version":[{"id":4559,"href":"https:\/\/www.basketbalolomouc.eu\/index.php?rest_route=\/wp\/v2\/posts\/4558\/revisions\/4559"}],"wp:featuredmedia":[{"embeddable":true,"href":"https:\/\/www.basketbalolomouc.eu\/index.php?rest_route=\/wp\/v2\/media\/4469"}],"wp:attachment":[{"href":"https:\/\/www.basketbalolomouc.eu\/index.php?rest_route=%2Fwp%2Fv2%2Fmedia&parent=4558"}],"wp:term":[{"taxonomy":"category","embeddable":true,"href":"https:\/\/www.basketbalolomouc.eu\/index.php?rest_route=%2Fwp%2Fv2%2Fcategories&post=4558"},{"taxonomy":"post_tag","embeddable":true,"href":"https:\/\/www.basketbalolomouc.eu\/index.php?rest_route=%2Fwp%2Fv2%2Ftags&post=4558"}],"curies":[{"name":"wp","href":"https:\/\/api.w.org\/{rel}","templated":true}]}}