{"id":4495,"date":"2025-06-24T14:15:52","date_gmt":"2025-06-24T12:15:52","guid":{"rendered":"https:\/\/www.basketbalolomouc.eu\/?p=4495"},"modified":"2025-09-19T12:17:22","modified_gmt":"2025-09-19T10:17:22","slug":"basketbalovy-maraton-vynesl-temer-deset-tisic-korun","status":"publish","type":"post","link":"https:\/\/www.basketbalolomouc.eu\/?p=4495","title":{"rendered":"Basketbalov\u00fd maraton vynesl t\u00e9m\u011b\u0159 deset tis\u00edc korun"},"content":{"rendered":"\n<p>Basketbalov\u00fd maraton vynesl t\u00e9m\u011b\u0159 deset tis\u00edc korun<\/p>\n\n\n\n<p>Do prvn\u00edho ro\u010dn\u00edku Basketbalov\u00e9ho maratonu se zapojilo na palubovce olomouck\u00e9 \u010cajkar\u00e9ny \u010dty\u0159iadvacet t\u00fdm\u016f v\u0161ech v\u011bkov\u00fdch kategori\u00ed. B\u011bhem dvan\u00e1cti hodin si \u010dasto kombinovan\u00e9 v\u00fdb\u011bry zahr\u00e1ly proti nalosovan\u00fdm soupe\u0159\u016fm a sou\u010dasn\u011b p\u0159isp\u011bli na dobrou v\u011bc. Soub\u011b\u017en\u011b prob\u00edhaj\u00edc\u00ed sb\u00edrka vynesla dev\u011bt a p\u016fl tis\u00edce korun a byla p\u0159ed\u00e1na d\u011btsk\u00e9 onkologii Fakultn\u00ed nemocnice Olomouc.<br><\/p>\n\n\n\n<figure class=\"wp-block-image size-large\"><img fetchpriority=\"high\" decoding=\"async\" width=\"1024\" height=\"768\" src=\"https:\/\/www.basketbalolomouc.eu\/wp-content\/uploads\/2025\/06\/IMG_7288-1024x768.jpg\" alt=\"\" class=\"wp-image-4496\" srcset=\"https:\/\/www.basketbalolomouc.eu\/wp-content\/uploads\/2025\/06\/IMG_7288-1024x768.jpg 1024w, https:\/\/www.basketbalolomouc.eu\/wp-content\/uploads\/2025\/06\/IMG_7288-300x225.jpg 300w, https:\/\/www.basketbalolomouc.eu\/wp-content\/uploads\/2025\/06\/IMG_7288-768x576.jpg 768w, https:\/\/www.basketbalolomouc.eu\/wp-content\/uploads\/2025\/06\/IMG_7288-1536x1152.jpg 1536w, https:\/\/www.basketbalolomouc.eu\/wp-content\/uploads\/2025\/06\/IMG_7288.jpg 1600w\" sizes=\"(max-width: 1024px) 100vw, 1024px\" \/><\/figure>\n\n\n\n<p>\u201eOd dev\u00edti hodin a\u017e do ve\u010dera se na palubovce st\u0159\u00eddal jeden t\u00fdm za druh\u00fdm. Uk\u00e1zalo se, \u017ee o tuto akci je z\u00e1jem, p\u0159\u00ed\u0161t\u011b bychom r\u00e1di naplnili kapacitu tak, aby se hr\u00e1lo \u010dty\u0159iadvacet hodin,\u201c \u0159ekl hlavn\u00ed organiz\u00e1tor Basketbalov\u00e9ho maratonu Michal Pek\u00e1rek. \u201eV jednotliv\u00fdch z\u00e1pasech nastoupili \u017e\u00e1ci, dorostenci, mu\u017ei, olomouck\u00e9 legendy i nad\u0161en\u00ed amat\u00e9\u0159i. V\u0161echny spojil oran\u017eov\u00fd m\u00ed\u010d a chu\u0165 ud\u011blat n\u011bco pro dobrou v\u011bc,\u201c t\u011b\u0161ilo Pek\u00e1rka.<\/p>\n\n\n\n<p><\/p>\n","protected":false},"excerpt":{"rendered":"<p>Basketbalov\u00fd maraton vynesl t\u00e9m\u011b\u0159 deset tis\u00edc korun Do prvn\u00edho ro\u010dn\u00edku Basketbalov\u00e9ho maratonu se zapojilo na palubovce olomouck\u00e9 \u010cajkar\u00e9ny \u010dty\u0159iadvacet t\u00fdm\u016f v\u0161ech v\u011bkov\u00fdch kategori\u00ed. B\u011bhem dvan\u00e1cti hodin si \u010dasto kombinovan\u00e9 v\u00fdb\u011bry zahr\u00e1ly proti nalosovan\u00fdm soupe\u0159\u016fm a sou\u010dasn\u011b p\u0159isp\u011bli na dobrou v\u011bc. Soub\u011b\u017en\u011b prob\u00edhaj\u00edc\u00ed sb\u00edrka vynesla dev\u011bt a p\u016fl tis\u00edce korun a byla p\u0159ed\u00e1na d\u011btsk\u00e9 onkologii Fakultn\u00ed &hellip;<\/p>\n<p class=\"read-more\"> <a class=\"\" href=\"https:\/\/www.basketbalolomouc.eu\/?p=4495\"> <span class=\"screen-reader-text\">Basketbalov\u00fd maraton vynesl t\u00e9m\u011b\u0159 deset tis\u00edc korun<\/span> Pokra\u010dovat ve \u010dten\u00ed &raquo;<\/a><\/p>\n","protected":false},"author":1,"featured_media":4496,"comment_status":"open","ping_status":"open","sticky":false,"template":"","format":"standard","meta":{"wp_popup_display_lightbox":0,"wp_popup_suppress":"","wp_popup_trigger":"","wp_popup_trigger_amount":0,"wp_popup_disable_on_mobile":false,"ngg_post_thumbnail":0,"footnotes":""},"categories":[1],"tags":[],"class_list":["post-4495","post","type-post","status-publish","format-standard","has-post-thumbnail","hentry","category-nezarazene"],"yoast_head":"<!-- This site is optimized with the Yoast SEO plugin v24.0 - https:\/\/yoast.com\/wordpress\/plugins\/seo\/ -->\n<title>Basketbalov\u00fd maraton vynesl t\u00e9m\u011b\u0159 deset tis\u00edc korun - Basketbal Olomouc<\/title>\n<meta name=\"robots\" content=\"index, follow, max-snippet:-1, max-image-preview:large, max-video-preview:-1\" \/>\n<link rel=\"canonical\" href=\"https:\/\/www.basketbalolomouc.eu\/?p=4495\" \/>\n<meta property=\"og:locale\" content=\"cs_CZ\" \/>\n<meta property=\"og:type\" content=\"article\" \/>\n<meta property=\"og:title\" content=\"Basketbalov\u00fd maraton vynesl t\u00e9m\u011b\u0159 deset tis\u00edc korun - Basketbal Olomouc\" \/>\n<meta property=\"og:description\" content=\"Basketbalov\u00fd maraton vynesl t\u00e9m\u011b\u0159 deset tis\u00edc korun Do prvn\u00edho ro\u010dn\u00edku Basketbalov\u00e9ho maratonu se zapojilo na palubovce olomouck\u00e9 \u010cajkar\u00e9ny \u010dty\u0159iadvacet t\u00fdm\u016f v\u0161ech v\u011bkov\u00fdch kategori\u00ed. B\u011bhem dvan\u00e1cti hodin si \u010dasto kombinovan\u00e9 v\u00fdb\u011bry zahr\u00e1ly proti nalosovan\u00fdm soupe\u0159\u016fm a sou\u010dasn\u011b p\u0159isp\u011bli na dobrou v\u011bc. Soub\u011b\u017en\u011b prob\u00edhaj\u00edc\u00ed sb\u00edrka vynesla dev\u011bt a p\u016fl tis\u00edce korun a byla p\u0159ed\u00e1na d\u011btsk\u00e9 onkologii Fakultn\u00ed &hellip; Basketbalov\u00fd maraton vynesl t\u00e9m\u011b\u0159 deset tis\u00edc korun Pokra\u010dovat ve \u010dten\u00ed &raquo;\" \/>\n<meta property=\"og:url\" content=\"https:\/\/www.basketbalolomouc.eu\/?p=4495\" \/>\n<meta property=\"og:site_name\" content=\"Basketbal Olomouc\" \/>\n<meta property=\"article:publisher\" content=\"https:\/\/www.facebook.com\/BasketbalOlomouc\/\" \/>\n<meta property=\"article:published_time\" content=\"2025-06-24T12:15:52+00:00\" \/>\n<meta property=\"article:modified_time\" content=\"2025-09-19T10:17:22+00:00\" \/>\n<meta property=\"og:image\" content=\"http:\/\/www.basketbalolomouc.eu\/wp-content\/uploads\/2025\/06\/IMG_7288.jpg\" \/>\n\t<meta property=\"og:image:width\" content=\"1600\" \/>\n\t<meta property=\"og:image:height\" content=\"1200\" \/>\n\t<meta property=\"og:image:type\" content=\"image\/jpeg\" \/>\n<meta name=\"author\" content=\"admin\" \/>\n<meta name=\"twitter:card\" content=\"summary_large_image\" \/>\n<meta name=\"twitter:label1\" content=\"Napsal(a)\" \/>\n\t<meta name=\"twitter:data1\" content=\"admin\" \/>\n\t<meta name=\"twitter:label2\" content=\"Odhadovan\u00e1 doba \u010dten\u00ed\" \/>\n\t<meta name=\"twitter:data2\" content=\"2 minuty\" \/>\n<script type=\"application\/ld+json\" class=\"yoast-schema-graph\">{\"@context\":\"https:\/\/schema.org\",\"@graph\":[{\"@type\":\"Article\",\"@id\":\"https:\/\/www.basketbalolomouc.eu\/?p=4495#article\",\"isPartOf\":{\"@id\":\"https:\/\/www.basketbalolomouc.eu\/?p=4495\"},\"author\":{\"name\":\"admin\",\"@id\":\"https:\/\/www.basketbalolomouc.eu\/#\/schema\/person\/55f3f9c30c429ebe52d080eadc3ca07c\"},\"headline\":\"Basketbalov\u00fd maraton vynesl t\u00e9m\u011b\u0159 deset tis\u00edc korun\",\"datePublished\":\"2025-06-24T12:15:52+00:00\",\"dateModified\":\"2025-09-19T10:17:22+00:00\",\"mainEntityOfPage\":{\"@id\":\"https:\/\/www.basketbalolomouc.eu\/?p=4495\"},\"wordCount\":190,\"commentCount\":0,\"publisher\":{\"@id\":\"https:\/\/www.basketbalolomouc.eu\/#organization\"},\"image\":{\"@id\":\"https:\/\/www.basketbalolomouc.eu\/?p=4495#primaryimage\"},\"thumbnailUrl\":\"https:\/\/www.basketbalolomouc.eu\/wp-content\/uploads\/2025\/06\/IMG_7288.jpg\",\"inLanguage\":\"cs\",\"potentialAction\":[{\"@type\":\"CommentAction\",\"name\":\"Comment\",\"target\":[\"https:\/\/www.basketbalolomouc.eu\/?p=4495#respond\"]}]},{\"@type\":\"WebPage\",\"@id\":\"https:\/\/www.basketbalolomouc.eu\/?p=4495\",\"url\":\"https:\/\/www.basketbalolomouc.eu\/?p=4495\",\"name\":\"Basketbalov\u00fd maraton vynesl t\u00e9m\u011b\u0159 deset tis\u00edc korun - Basketbal Olomouc\",\"isPartOf\":{\"@id\":\"https:\/\/www.basketbalolomouc.eu\/#website\"},\"primaryImageOfPage\":{\"@id\":\"https:\/\/www.basketbalolomouc.eu\/?p=4495#primaryimage\"},\"image\":{\"@id\":\"https:\/\/www.basketbalolomouc.eu\/?p=4495#primaryimage\"},\"thumbnailUrl\":\"https:\/\/www.basketbalolomouc.eu\/wp-content\/uploads\/2025\/06\/IMG_7288.jpg\",\"datePublished\":\"2025-06-24T12:15:52+00:00\",\"dateModified\":\"2025-09-19T10:17:22+00:00\",\"breadcrumb\":{\"@id\":\"https:\/\/www.basketbalolomouc.eu\/?p=4495#breadcrumb\"},\"inLanguage\":\"cs\",\"potentialAction\":[{\"@type\":\"ReadAction\",\"target\":[\"https:\/\/www.basketbalolomouc.eu\/?p=4495\"]}]},{\"@type\":\"ImageObject\",\"inLanguage\":\"cs\",\"@id\":\"https:\/\/www.basketbalolomouc.eu\/?p=4495#primaryimage\",\"url\":\"https:\/\/www.basketbalolomouc.eu\/wp-content\/uploads\/2025\/06\/IMG_7288.jpg\",\"contentUrl\":\"https:\/\/www.basketbalolomouc.eu\/wp-content\/uploads\/2025\/06\/IMG_7288.jpg\",\"width\":1600,\"height\":1200},{\"@type\":\"BreadcrumbList\",\"@id\":\"https:\/\/www.basketbalolomouc.eu\/?p=4495#breadcrumb\",\"itemListElement\":[{\"@type\":\"ListItem\",\"position\":1,\"name\":\"Dom\u016f\",\"item\":\"https:\/\/www.basketbalolomouc.eu\/\"},{\"@type\":\"ListItem\",\"position\":2,\"name\":\"Basketbalov\u00fd maraton vynesl t\u00e9m\u011b\u0159 deset tis\u00edc korun\"}]},{\"@type\":\"WebSite\",\"@id\":\"https:\/\/www.basketbalolomouc.eu\/#website\",\"url\":\"https:\/\/www.basketbalolomouc.eu\/\",\"name\":\"Basketbal Olomouc\",\"description\":\"Basketbalov\u00fd klub\",\"publisher\":{\"@id\":\"https:\/\/www.basketbalolomouc.eu\/#organization\"},\"potentialAction\":[{\"@type\":\"SearchAction\",\"target\":{\"@type\":\"EntryPoint\",\"urlTemplate\":\"https:\/\/www.basketbalolomouc.eu\/?s={search_term_string}\"},\"query-input\":{\"@type\":\"PropertyValueSpecification\",\"valueRequired\":true,\"valueName\":\"search_term_string\"}}],\"inLanguage\":\"cs\"},{\"@type\":\"Organization\",\"@id\":\"https:\/\/www.basketbalolomouc.eu\/#organization\",\"name\":\"Basketbal Olomouc\",\"url\":\"https:\/\/www.basketbalolomouc.eu\/\",\"logo\":{\"@type\":\"ImageObject\",\"inLanguage\":\"cs\",\"@id\":\"https:\/\/www.basketbalolomouc.eu\/#\/schema\/logo\/image\/\",\"url\":\"http:\/\/www.basketbalolomouc.eu\/wp-content\/uploads\/2018\/08\/logo_basketbal_olomouc.jpg\",\"contentUrl\":\"http:\/\/www.basketbalolomouc.eu\/wp-content\/uploads\/2018\/08\/logo_basketbal_olomouc.jpg\",\"width\":1180,\"height\":1180,\"caption\":\"Basketbal Olomouc\"},\"image\":{\"@id\":\"https:\/\/www.basketbalolomouc.eu\/#\/schema\/logo\/image\/\"},\"sameAs\":[\"https:\/\/www.facebook.com\/BasketbalOlomouc\/\"]},{\"@type\":\"Person\",\"@id\":\"https:\/\/www.basketbalolomouc.eu\/#\/schema\/person\/55f3f9c30c429ebe52d080eadc3ca07c\",\"name\":\"admin\",\"image\":{\"@type\":\"ImageObject\",\"inLanguage\":\"cs\",\"@id\":\"https:\/\/www.basketbalolomouc.eu\/#\/schema\/person\/image\/\",\"url\":\"https:\/\/secure.gravatar.com\/avatar\/9d1de5457b139edf6366e02182f22397?s=96&d=mm&r=g\",\"contentUrl\":\"https:\/\/secure.gravatar.com\/avatar\/9d1de5457b139edf6366e02182f22397?s=96&d=mm&r=g\",\"caption\":\"admin\"},\"url\":\"https:\/\/www.basketbalolomouc.eu\/?author=1\"}]}<\/script>\n<!-- \/ Yoast SEO plugin. -->","yoast_head_json":{"title":"Basketbalov\u00fd maraton vynesl t\u00e9m\u011b\u0159 deset tis\u00edc korun - Basketbal Olomouc","robots":{"index":"index","follow":"follow","max-snippet":"max-snippet:-1","max-image-preview":"max-image-preview:large","max-video-preview":"max-video-preview:-1"},"canonical":"https:\/\/www.basketbalolomouc.eu\/?p=4495","og_locale":"cs_CZ","og_type":"article","og_title":"Basketbalov\u00fd maraton vynesl t\u00e9m\u011b\u0159 deset tis\u00edc korun - Basketbal Olomouc","og_description":"Basketbalov\u00fd maraton vynesl t\u00e9m\u011b\u0159 deset tis\u00edc korun Do prvn\u00edho ro\u010dn\u00edku Basketbalov\u00e9ho maratonu se zapojilo na palubovce olomouck\u00e9 \u010cajkar\u00e9ny \u010dty\u0159iadvacet t\u00fdm\u016f v\u0161ech v\u011bkov\u00fdch kategori\u00ed. B\u011bhem dvan\u00e1cti hodin si \u010dasto kombinovan\u00e9 v\u00fdb\u011bry zahr\u00e1ly proti nalosovan\u00fdm soupe\u0159\u016fm a sou\u010dasn\u011b p\u0159isp\u011bli na dobrou v\u011bc. Soub\u011b\u017en\u011b prob\u00edhaj\u00edc\u00ed sb\u00edrka vynesla dev\u011bt a p\u016fl tis\u00edce korun a byla p\u0159ed\u00e1na d\u011btsk\u00e9 onkologii Fakultn\u00ed &hellip; Basketbalov\u00fd maraton vynesl t\u00e9m\u011b\u0159 deset tis\u00edc korun Pokra\u010dovat ve \u010dten\u00ed &raquo;","og_url":"https:\/\/www.basketbalolomouc.eu\/?p=4495","og_site_name":"Basketbal Olomouc","article_publisher":"https:\/\/www.facebook.com\/BasketbalOlomouc\/","article_published_time":"2025-06-24T12:15:52+00:00","article_modified_time":"2025-09-19T10:17:22+00:00","og_image":[{"width":1600,"height":1200,"url":"http:\/\/www.basketbalolomouc.eu\/wp-content\/uploads\/2025\/06\/IMG_7288.jpg","type":"image\/jpeg"}],"author":"admin","twitter_card":"summary_large_image","twitter_misc":{"Napsal(a)":"admin","Odhadovan\u00e1 doba \u010dten\u00ed":"2 minuty"},"schema":{"@context":"https:\/\/schema.org","@graph":[{"@type":"Article","@id":"https:\/\/www.basketbalolomouc.eu\/?p=4495#article","isPartOf":{"@id":"https:\/\/www.basketbalolomouc.eu\/?p=4495"},"author":{"name":"admin","@id":"https:\/\/www.basketbalolomouc.eu\/#\/schema\/person\/55f3f9c30c429ebe52d080eadc3ca07c"},"headline":"Basketbalov\u00fd maraton vynesl t\u00e9m\u011b\u0159 deset tis\u00edc korun","datePublished":"2025-06-24T12:15:52+00:00","dateModified":"2025-09-19T10:17:22+00:00","mainEntityOfPage":{"@id":"https:\/\/www.basketbalolomouc.eu\/?p=4495"},"wordCount":190,"commentCount":0,"publisher":{"@id":"https:\/\/www.basketbalolomouc.eu\/#organization"},"image":{"@id":"https:\/\/www.basketbalolomouc.eu\/?p=4495#primaryimage"},"thumbnailUrl":"https:\/\/www.basketbalolomouc.eu\/wp-content\/uploads\/2025\/06\/IMG_7288.jpg","inLanguage":"cs","potentialAction":[{"@type":"CommentAction","name":"Comment","target":["https:\/\/www.basketbalolomouc.eu\/?p=4495#respond"]}]},{"@type":"WebPage","@id":"https:\/\/www.basketbalolomouc.eu\/?p=4495","url":"https:\/\/www.basketbalolomouc.eu\/?p=4495","name":"Basketbalov\u00fd maraton vynesl t\u00e9m\u011b\u0159 deset tis\u00edc korun - Basketbal Olomouc","isPartOf":{"@id":"https:\/\/www.basketbalolomouc.eu\/#website"},"primaryImageOfPage":{"@id":"https:\/\/www.basketbalolomouc.eu\/?p=4495#primaryimage"},"image":{"@id":"https:\/\/www.basketbalolomouc.eu\/?p=4495#primaryimage"},"thumbnailUrl":"https:\/\/www.basketbalolomouc.eu\/wp-content\/uploads\/2025\/06\/IMG_7288.jpg","datePublished":"2025-06-24T12:15:52+00:00","dateModified":"2025-09-19T10:17:22+00:00","breadcrumb":{"@id":"https:\/\/www.basketbalolomouc.eu\/?p=4495#breadcrumb"},"inLanguage":"cs","potentialAction":[{"@type":"ReadAction","target":["https:\/\/www.basketbalolomouc.eu\/?p=4495"]}]},{"@type":"ImageObject","inLanguage":"cs","@id":"https:\/\/www.basketbalolomouc.eu\/?p=4495#primaryimage","url":"https:\/\/www.basketbalolomouc.eu\/wp-content\/uploads\/2025\/06\/IMG_7288.jpg","contentUrl":"https:\/\/www.basketbalolomouc.eu\/wp-content\/uploads\/2025\/06\/IMG_7288.jpg","width":1600,"height":1200},{"@type":"BreadcrumbList","@id":"https:\/\/www.basketbalolomouc.eu\/?p=4495#breadcrumb","itemListElement":[{"@type":"ListItem","position":1,"name":"Dom\u016f","item":"https:\/\/www.basketbalolomouc.eu\/"},{"@type":"ListItem","position":2,"name":"Basketbalov\u00fd maraton vynesl t\u00e9m\u011b\u0159 deset tis\u00edc korun"}]},{"@type":"WebSite","@id":"https:\/\/www.basketbalolomouc.eu\/#website","url":"https:\/\/www.basketbalolomouc.eu\/","name":"Basketbal Olomouc","description":"Basketbalov\u00fd klub","publisher":{"@id":"https:\/\/www.basketbalolomouc.eu\/#organization"},"potentialAction":[{"@type":"SearchAction","target":{"@type":"EntryPoint","urlTemplate":"https:\/\/www.basketbalolomouc.eu\/?s={search_term_string}"},"query-input":{"@type":"PropertyValueSpecification","valueRequired":true,"valueName":"search_term_string"}}],"inLanguage":"cs"},{"@type":"Organization","@id":"https:\/\/www.basketbalolomouc.eu\/#organization","name":"Basketbal Olomouc","url":"https:\/\/www.basketbalolomouc.eu\/","logo":{"@type":"ImageObject","inLanguage":"cs","@id":"https:\/\/www.basketbalolomouc.eu\/#\/schema\/logo\/image\/","url":"http:\/\/www.basketbalolomouc.eu\/wp-content\/uploads\/2018\/08\/logo_basketbal_olomouc.jpg","contentUrl":"http:\/\/www.basketbalolomouc.eu\/wp-content\/uploads\/2018\/08\/logo_basketbal_olomouc.jpg","width":1180,"height":1180,"caption":"Basketbal Olomouc"},"image":{"@id":"https:\/\/www.basketbalolomouc.eu\/#\/schema\/logo\/image\/"},"sameAs":["https:\/\/www.facebook.com\/BasketbalOlomouc\/"]},{"@type":"Person","@id":"https:\/\/www.basketbalolomouc.eu\/#\/schema\/person\/55f3f9c30c429ebe52d080eadc3ca07c","name":"admin","image":{"@type":"ImageObject","inLanguage":"cs","@id":"https:\/\/www.basketbalolomouc.eu\/#\/schema\/person\/image\/","url":"https:\/\/secure.gravatar.com\/avatar\/9d1de5457b139edf6366e02182f22397?s=96&d=mm&r=g","contentUrl":"https:\/\/secure.gravatar.com\/avatar\/9d1de5457b139edf6366e02182f22397?s=96&d=mm&r=g","caption":"admin"},"url":"https:\/\/www.basketbalolomouc.eu\/?author=1"}]}},"_links":{"self":[{"href":"https:\/\/www.basketbalolomouc.eu\/index.php?rest_route=\/wp\/v2\/posts\/4495","targetHints":{"allow":["GET"]}}],"collection":[{"href":"https:\/\/www.basketbalolomouc.eu\/index.php?rest_route=\/wp\/v2\/posts"}],"about":[{"href":"https:\/\/www.basketbalolomouc.eu\/index.php?rest_route=\/wp\/v2\/types\/post"}],"author":[{"embeddable":true,"href":"https:\/\/www.basketbalolomouc.eu\/index.php?rest_route=\/wp\/v2\/users\/1"}],"replies":[{"embeddable":true,"href":"https:\/\/www.basketbalolomouc.eu\/index.php?rest_route=%2Fwp%2Fv2%2Fcomments&post=4495"}],"version-history":[{"count":1,"href":"https:\/\/www.basketbalolomouc.eu\/index.php?rest_route=\/wp\/v2\/posts\/4495\/revisions"}],"predecessor-version":[{"id":4497,"href":"https:\/\/www.basketbalolomouc.eu\/index.php?rest_route=\/wp\/v2\/posts\/4495\/revisions\/4497"}],"wp:featuredmedia":[{"embeddable":true,"href":"https:\/\/www.basketbalolomouc.eu\/index.php?rest_route=\/wp\/v2\/media\/4496"}],"wp:attachment":[{"href":"https:\/\/www.basketbalolomouc.eu\/index.php?rest_route=%2Fwp%2Fv2%2Fmedia&parent=4495"}],"wp:term":[{"taxonomy":"category","embeddable":true,"href":"https:\/\/www.basketbalolomouc.eu\/index.php?rest_route=%2Fwp%2Fv2%2Fcategories&post=4495"},{"taxonomy":"post_tag","embeddable":true,"href":"https:\/\/www.basketbalolomouc.eu\/index.php?rest_route=%2Fwp%2Fv2%2Ftags&post=4495"}],"curies":[{"name":"wp","href":"https:\/\/api.w.org\/{rel}","templated":true}]}}