{"id":4489,"date":"2025-06-10T15:25:43","date_gmt":"2025-06-10T13:25:43","guid":{"rendered":"https:\/\/www.basketbalolomouc.eu\/?p=4489"},"modified":"2025-06-24T14:12:00","modified_gmt":"2025-06-24T12:12:00","slug":"velka-ztrata-pro-basketbal-zemrel-libor-burt","status":"publish","type":"post","link":"https:\/\/www.basketbalolomouc.eu\/?p=4489","title":{"rendered":"Velk\u00e1 ztr\u00e1ta pro basketbal. Zem\u0159el Libor Bu\u0159t"},"content":{"rendered":"\n<p>S&nbsp;Liborem Bu\u0159tem jsme spolupracovali p\u0159es dvacet let. Neodmysliteln\u011b byl sou\u010d\u00e1st\u00ed Basketbalu Olomouc. A tak\u00e9 basketbalu prost\u011bjovsk\u00e9ho, brn\u011bnsk\u00e9ho, moravsk\u00e9ho. Nebyla snad hala, kde by s&nbsp;kamerou nenato\u010dil minim\u00e1ln\u011b jeden z\u00e1pas. Dal\u0161\u00ed sledoval jako fanou\u0161ek. Kam p\u0159i\u0161el, narazil na zn\u00e1m\u00e9 a kamar\u00e1dy. Pr\u00e1vem. Byl to, vedle skv\u011bl\u00e9ho kameramana, p\u0159\u00edm\u00fd a f\u00e9rov\u00fd chlap. V\u017edy ochotn\u00fd pomoci, kdykoli ochotn\u00fd k&nbsp;debat\u011b o sv\u00e9m milovan\u00e9m sportu.<\/p>\n\n\n\n<p>Poctivec, kter\u00fd se v\u017edy mohl podepsat pod svoji profesion\u00e1ln\u011b odvedenou pr\u00e1ci. Nerozli\u0161oval, jestli nat\u00e1\u010d\u00ed play \u2013 off elitn\u00ed sout\u011b\u017ee, z\u00e1pas okresn\u00ed ligy nebo \u017e\u00e1kovsk\u00fd turnaj. P\u0159es objektiv kamery vid\u011bl stovky z\u00e1pas\u016f, \u010dasto n\u011bkolik denn\u011b. Jakoby tu\u0161il, \u017ee mus\u00ed sp\u011bchat. \u017de nebude m\u00edt tolik \u010dasu, kolik by si p\u0159\u00e1l on s\u00e1m, i jeho rodina a kamar\u00e1di. Ode\u0161el n\u00e1hle a ne\u010dekan\u011b. Ve \u010dty\u0159iapades\u00e1ti p\u0159\u00edli\u0161 brzy. Libore, bude\u0161 n\u00e1m v\u0161em chyb\u011bt, budeme na Tebe vzpom\u00ednat. Ob\u010das se na n\u00e1s seshora pod\u00edvej, budeme r\u00e1di.<\/p>\n","protected":false},"excerpt":{"rendered":"<p>S&nbsp;Liborem Bu\u0159tem jsme spolupracovali p\u0159es dvacet let. Neodmysliteln\u011b byl sou\u010d\u00e1st\u00ed Basketbalu Olomouc. A tak\u00e9 basketbalu prost\u011bjovsk\u00e9ho, brn\u011bnsk\u00e9ho, moravsk\u00e9ho. Nebyla snad hala, kde by s&nbsp;kamerou nenato\u010dil minim\u00e1ln\u011b jeden z\u00e1pas. Dal\u0161\u00ed sledoval jako fanou\u0161ek. Kam p\u0159i\u0161el, narazil na zn\u00e1m\u00e9 a kamar\u00e1dy. Pr\u00e1vem. Byl to, vedle skv\u011bl\u00e9ho kameramana, p\u0159\u00edm\u00fd a f\u00e9rov\u00fd chlap. V\u017edy ochotn\u00fd pomoci, kdykoli ochotn\u00fd k&nbsp;debat\u011b &hellip;<\/p>\n<p class=\"read-more\"> <a class=\"\" href=\"https:\/\/www.basketbalolomouc.eu\/?p=4489\"> <span class=\"screen-reader-text\">Velk\u00e1 ztr\u00e1ta pro basketbal. Zem\u0159el Libor Bu\u0159t<\/span> Pokra\u010dovat ve \u010dten\u00ed &raquo;<\/a><\/p>\n","protected":false},"author":1,"featured_media":0,"comment_status":"open","ping_status":"open","sticky":false,"template":"","format":"standard","meta":{"wp_popup_display_lightbox":0,"wp_popup_suppress":"","wp_popup_trigger":"","wp_popup_trigger_amount":0,"wp_popup_disable_on_mobile":false,"ngg_post_thumbnail":0,"footnotes":""},"categories":[1],"tags":[],"class_list":["post-4489","post","type-post","status-publish","format-standard","hentry","category-nezarazene"],"yoast_head":"<!-- This site is optimized with the Yoast SEO plugin v24.0 - https:\/\/yoast.com\/wordpress\/plugins\/seo\/ -->\n<title>Velk\u00e1 ztr\u00e1ta pro basketbal. Zem\u0159el Libor Bu\u0159t - Basketbal Olomouc<\/title>\n<meta name=\"robots\" content=\"index, follow, max-snippet:-1, max-image-preview:large, max-video-preview:-1\" \/>\n<link rel=\"canonical\" href=\"https:\/\/www.basketbalolomouc.eu\/?p=4489\" \/>\n<meta property=\"og:locale\" content=\"cs_CZ\" \/>\n<meta property=\"og:type\" content=\"article\" \/>\n<meta property=\"og:title\" content=\"Velk\u00e1 ztr\u00e1ta pro basketbal. Zem\u0159el Libor Bu\u0159t - Basketbal Olomouc\" \/>\n<meta property=\"og:description\" content=\"S&nbsp;Liborem Bu\u0159tem jsme spolupracovali p\u0159es dvacet let. Neodmysliteln\u011b byl sou\u010d\u00e1st\u00ed Basketbalu Olomouc. A tak\u00e9 basketbalu prost\u011bjovsk\u00e9ho, brn\u011bnsk\u00e9ho, moravsk\u00e9ho. Nebyla snad hala, kde by s&nbsp;kamerou nenato\u010dil minim\u00e1ln\u011b jeden z\u00e1pas. Dal\u0161\u00ed sledoval jako fanou\u0161ek. Kam p\u0159i\u0161el, narazil na zn\u00e1m\u00e9 a kamar\u00e1dy. Pr\u00e1vem. Byl to, vedle skv\u011bl\u00e9ho kameramana, p\u0159\u00edm\u00fd a f\u00e9rov\u00fd chlap. V\u017edy ochotn\u00fd pomoci, kdykoli ochotn\u00fd k&nbsp;debat\u011b &hellip; Velk\u00e1 ztr\u00e1ta pro basketbal. Zem\u0159el Libor Bu\u0159t Pokra\u010dovat ve \u010dten\u00ed &raquo;\" \/>\n<meta property=\"og:url\" content=\"https:\/\/www.basketbalolomouc.eu\/?p=4489\" \/>\n<meta property=\"og:site_name\" content=\"Basketbal Olomouc\" \/>\n<meta property=\"article:publisher\" content=\"https:\/\/www.facebook.com\/BasketbalOlomouc\/\" \/>\n<meta property=\"article:published_time\" content=\"2025-06-10T13:25:43+00:00\" \/>\n<meta property=\"article:modified_time\" content=\"2025-06-24T12:12:00+00:00\" \/>\n<meta property=\"og:image\" content=\"http:\/\/www.basketbalolomouc.eu\/wp-content\/uploads\/2025\/06\/10-1.jpg\" \/>\n\t<meta property=\"og:image:width\" content=\"736\" \/>\n\t<meta property=\"og:image:height\" content=\"593\" \/>\n\t<meta property=\"og:image:type\" content=\"image\/jpeg\" \/>\n<meta name=\"author\" content=\"admin\" \/>\n<meta name=\"twitter:card\" content=\"summary_large_image\" \/>\n<meta name=\"twitter:label1\" content=\"Napsal(a)\" \/>\n\t<meta name=\"twitter:data1\" content=\"admin\" \/>\n\t<meta name=\"twitter:label2\" content=\"Odhadovan\u00e1 doba \u010dten\u00ed\" \/>\n\t<meta name=\"twitter:data2\" content=\"1 minuta\" \/>\n<script type=\"application\/ld+json\" class=\"yoast-schema-graph\">{\"@context\":\"https:\/\/schema.org\",\"@graph\":[{\"@type\":\"Article\",\"@id\":\"https:\/\/www.basketbalolomouc.eu\/?p=4489#article\",\"isPartOf\":{\"@id\":\"https:\/\/www.basketbalolomouc.eu\/?p=4489\"},\"author\":{\"name\":\"admin\",\"@id\":\"https:\/\/www.basketbalolomouc.eu\/#\/schema\/person\/55f3f9c30c429ebe52d080eadc3ca07c\"},\"headline\":\"Velk\u00e1 ztr\u00e1ta pro basketbal. Zem\u0159el Libor Bu\u0159t\",\"datePublished\":\"2025-06-10T13:25:43+00:00\",\"dateModified\":\"2025-06-24T12:12:00+00:00\",\"mainEntityOfPage\":{\"@id\":\"https:\/\/www.basketbalolomouc.eu\/?p=4489\"},\"wordCount\":208,\"commentCount\":0,\"publisher\":{\"@id\":\"https:\/\/www.basketbalolomouc.eu\/#organization\"},\"inLanguage\":\"cs\",\"potentialAction\":[{\"@type\":\"CommentAction\",\"name\":\"Comment\",\"target\":[\"https:\/\/www.basketbalolomouc.eu\/?p=4489#respond\"]}]},{\"@type\":\"WebPage\",\"@id\":\"https:\/\/www.basketbalolomouc.eu\/?p=4489\",\"url\":\"https:\/\/www.basketbalolomouc.eu\/?p=4489\",\"name\":\"Velk\u00e1 ztr\u00e1ta pro basketbal. Zem\u0159el Libor Bu\u0159t - Basketbal Olomouc\",\"isPartOf\":{\"@id\":\"https:\/\/www.basketbalolomouc.eu\/#website\"},\"datePublished\":\"2025-06-10T13:25:43+00:00\",\"dateModified\":\"2025-06-24T12:12:00+00:00\",\"breadcrumb\":{\"@id\":\"https:\/\/www.basketbalolomouc.eu\/?p=4489#breadcrumb\"},\"inLanguage\":\"cs\",\"potentialAction\":[{\"@type\":\"ReadAction\",\"target\":[\"https:\/\/www.basketbalolomouc.eu\/?p=4489\"]}]},{\"@type\":\"BreadcrumbList\",\"@id\":\"https:\/\/www.basketbalolomouc.eu\/?p=4489#breadcrumb\",\"itemListElement\":[{\"@type\":\"ListItem\",\"position\":1,\"name\":\"Dom\u016f\",\"item\":\"https:\/\/www.basketbalolomouc.eu\/\"},{\"@type\":\"ListItem\",\"position\":2,\"name\":\"Velk\u00e1 ztr\u00e1ta pro basketbal. Zem\u0159el Libor Bu\u0159t\"}]},{\"@type\":\"WebSite\",\"@id\":\"https:\/\/www.basketbalolomouc.eu\/#website\",\"url\":\"https:\/\/www.basketbalolomouc.eu\/\",\"name\":\"Basketbal Olomouc\",\"description\":\"Basketbalov\u00fd klub\",\"publisher\":{\"@id\":\"https:\/\/www.basketbalolomouc.eu\/#organization\"},\"potentialAction\":[{\"@type\":\"SearchAction\",\"target\":{\"@type\":\"EntryPoint\",\"urlTemplate\":\"https:\/\/www.basketbalolomouc.eu\/?s={search_term_string}\"},\"query-input\":{\"@type\":\"PropertyValueSpecification\",\"valueRequired\":true,\"valueName\":\"search_term_string\"}}],\"inLanguage\":\"cs\"},{\"@type\":\"Organization\",\"@id\":\"https:\/\/www.basketbalolomouc.eu\/#organization\",\"name\":\"Basketbal Olomouc\",\"url\":\"https:\/\/www.basketbalolomouc.eu\/\",\"logo\":{\"@type\":\"ImageObject\",\"inLanguage\":\"cs\",\"@id\":\"https:\/\/www.basketbalolomouc.eu\/#\/schema\/logo\/image\/\",\"url\":\"http:\/\/www.basketbalolomouc.eu\/wp-content\/uploads\/2018\/08\/logo_basketbal_olomouc.jpg\",\"contentUrl\":\"http:\/\/www.basketbalolomouc.eu\/wp-content\/uploads\/2018\/08\/logo_basketbal_olomouc.jpg\",\"width\":1180,\"height\":1180,\"caption\":\"Basketbal Olomouc\"},\"image\":{\"@id\":\"https:\/\/www.basketbalolomouc.eu\/#\/schema\/logo\/image\/\"},\"sameAs\":[\"https:\/\/www.facebook.com\/BasketbalOlomouc\/\"]},{\"@type\":\"Person\",\"@id\":\"https:\/\/www.basketbalolomouc.eu\/#\/schema\/person\/55f3f9c30c429ebe52d080eadc3ca07c\",\"name\":\"admin\",\"image\":{\"@type\":\"ImageObject\",\"inLanguage\":\"cs\",\"@id\":\"https:\/\/www.basketbalolomouc.eu\/#\/schema\/person\/image\/\",\"url\":\"https:\/\/secure.gravatar.com\/avatar\/9d1de5457b139edf6366e02182f22397?s=96&d=mm&r=g\",\"contentUrl\":\"https:\/\/secure.gravatar.com\/avatar\/9d1de5457b139edf6366e02182f22397?s=96&d=mm&r=g\",\"caption\":\"admin\"},\"url\":\"https:\/\/www.basketbalolomouc.eu\/?author=1\"}]}<\/script>\n<!-- \/ Yoast SEO plugin. -->","yoast_head_json":{"title":"Velk\u00e1 ztr\u00e1ta pro basketbal. Zem\u0159el Libor Bu\u0159t - Basketbal Olomouc","robots":{"index":"index","follow":"follow","max-snippet":"max-snippet:-1","max-image-preview":"max-image-preview:large","max-video-preview":"max-video-preview:-1"},"canonical":"https:\/\/www.basketbalolomouc.eu\/?p=4489","og_locale":"cs_CZ","og_type":"article","og_title":"Velk\u00e1 ztr\u00e1ta pro basketbal. Zem\u0159el Libor Bu\u0159t - Basketbal Olomouc","og_description":"S&nbsp;Liborem Bu\u0159tem jsme spolupracovali p\u0159es dvacet let. Neodmysliteln\u011b byl sou\u010d\u00e1st\u00ed Basketbalu Olomouc. A tak\u00e9 basketbalu prost\u011bjovsk\u00e9ho, brn\u011bnsk\u00e9ho, moravsk\u00e9ho. Nebyla snad hala, kde by s&nbsp;kamerou nenato\u010dil minim\u00e1ln\u011b jeden z\u00e1pas. Dal\u0161\u00ed sledoval jako fanou\u0161ek. Kam p\u0159i\u0161el, narazil na zn\u00e1m\u00e9 a kamar\u00e1dy. Pr\u00e1vem. Byl to, vedle skv\u011bl\u00e9ho kameramana, p\u0159\u00edm\u00fd a f\u00e9rov\u00fd chlap. V\u017edy ochotn\u00fd pomoci, kdykoli ochotn\u00fd k&nbsp;debat\u011b &hellip; Velk\u00e1 ztr\u00e1ta pro basketbal. Zem\u0159el Libor Bu\u0159t Pokra\u010dovat ve \u010dten\u00ed &raquo;","og_url":"https:\/\/www.basketbalolomouc.eu\/?p=4489","og_site_name":"Basketbal Olomouc","article_publisher":"https:\/\/www.facebook.com\/BasketbalOlomouc\/","article_published_time":"2025-06-10T13:25:43+00:00","article_modified_time":"2025-06-24T12:12:00+00:00","og_image":[{"width":736,"height":593,"url":"http:\/\/www.basketbalolomouc.eu\/wp-content\/uploads\/2025\/06\/10-1.jpg","type":"image\/jpeg"}],"author":"admin","twitter_card":"summary_large_image","twitter_misc":{"Napsal(a)":"admin","Odhadovan\u00e1 doba \u010dten\u00ed":"1 minuta"},"schema":{"@context":"https:\/\/schema.org","@graph":[{"@type":"Article","@id":"https:\/\/www.basketbalolomouc.eu\/?p=4489#article","isPartOf":{"@id":"https:\/\/www.basketbalolomouc.eu\/?p=4489"},"author":{"name":"admin","@id":"https:\/\/www.basketbalolomouc.eu\/#\/schema\/person\/55f3f9c30c429ebe52d080eadc3ca07c"},"headline":"Velk\u00e1 ztr\u00e1ta pro basketbal. Zem\u0159el Libor Bu\u0159t","datePublished":"2025-06-10T13:25:43+00:00","dateModified":"2025-06-24T12:12:00+00:00","mainEntityOfPage":{"@id":"https:\/\/www.basketbalolomouc.eu\/?p=4489"},"wordCount":208,"commentCount":0,"publisher":{"@id":"https:\/\/www.basketbalolomouc.eu\/#organization"},"inLanguage":"cs","potentialAction":[{"@type":"CommentAction","name":"Comment","target":["https:\/\/www.basketbalolomouc.eu\/?p=4489#respond"]}]},{"@type":"WebPage","@id":"https:\/\/www.basketbalolomouc.eu\/?p=4489","url":"https:\/\/www.basketbalolomouc.eu\/?p=4489","name":"Velk\u00e1 ztr\u00e1ta pro basketbal. Zem\u0159el Libor Bu\u0159t - Basketbal Olomouc","isPartOf":{"@id":"https:\/\/www.basketbalolomouc.eu\/#website"},"datePublished":"2025-06-10T13:25:43+00:00","dateModified":"2025-06-24T12:12:00+00:00","breadcrumb":{"@id":"https:\/\/www.basketbalolomouc.eu\/?p=4489#breadcrumb"},"inLanguage":"cs","potentialAction":[{"@type":"ReadAction","target":["https:\/\/www.basketbalolomouc.eu\/?p=4489"]}]},{"@type":"BreadcrumbList","@id":"https:\/\/www.basketbalolomouc.eu\/?p=4489#breadcrumb","itemListElement":[{"@type":"ListItem","position":1,"name":"Dom\u016f","item":"https:\/\/www.basketbalolomouc.eu\/"},{"@type":"ListItem","position":2,"name":"Velk\u00e1 ztr\u00e1ta pro basketbal. Zem\u0159el Libor Bu\u0159t"}]},{"@type":"WebSite","@id":"https:\/\/www.basketbalolomouc.eu\/#website","url":"https:\/\/www.basketbalolomouc.eu\/","name":"Basketbal Olomouc","description":"Basketbalov\u00fd klub","publisher":{"@id":"https:\/\/www.basketbalolomouc.eu\/#organization"},"potentialAction":[{"@type":"SearchAction","target":{"@type":"EntryPoint","urlTemplate":"https:\/\/www.basketbalolomouc.eu\/?s={search_term_string}"},"query-input":{"@type":"PropertyValueSpecification","valueRequired":true,"valueName":"search_term_string"}}],"inLanguage":"cs"},{"@type":"Organization","@id":"https:\/\/www.basketbalolomouc.eu\/#organization","name":"Basketbal Olomouc","url":"https:\/\/www.basketbalolomouc.eu\/","logo":{"@type":"ImageObject","inLanguage":"cs","@id":"https:\/\/www.basketbalolomouc.eu\/#\/schema\/logo\/image\/","url":"http:\/\/www.basketbalolomouc.eu\/wp-content\/uploads\/2018\/08\/logo_basketbal_olomouc.jpg","contentUrl":"http:\/\/www.basketbalolomouc.eu\/wp-content\/uploads\/2018\/08\/logo_basketbal_olomouc.jpg","width":1180,"height":1180,"caption":"Basketbal Olomouc"},"image":{"@id":"https:\/\/www.basketbalolomouc.eu\/#\/schema\/logo\/image\/"},"sameAs":["https:\/\/www.facebook.com\/BasketbalOlomouc\/"]},{"@type":"Person","@id":"https:\/\/www.basketbalolomouc.eu\/#\/schema\/person\/55f3f9c30c429ebe52d080eadc3ca07c","name":"admin","image":{"@type":"ImageObject","inLanguage":"cs","@id":"https:\/\/www.basketbalolomouc.eu\/#\/schema\/person\/image\/","url":"https:\/\/secure.gravatar.com\/avatar\/9d1de5457b139edf6366e02182f22397?s=96&d=mm&r=g","contentUrl":"https:\/\/secure.gravatar.com\/avatar\/9d1de5457b139edf6366e02182f22397?s=96&d=mm&r=g","caption":"admin"},"url":"https:\/\/www.basketbalolomouc.eu\/?author=1"}]}},"_links":{"self":[{"href":"https:\/\/www.basketbalolomouc.eu\/index.php?rest_route=\/wp\/v2\/posts\/4489","targetHints":{"allow":["GET"]}}],"collection":[{"href":"https:\/\/www.basketbalolomouc.eu\/index.php?rest_route=\/wp\/v2\/posts"}],"about":[{"href":"https:\/\/www.basketbalolomouc.eu\/index.php?rest_route=\/wp\/v2\/types\/post"}],"author":[{"embeddable":true,"href":"https:\/\/www.basketbalolomouc.eu\/index.php?rest_route=\/wp\/v2\/users\/1"}],"replies":[{"embeddable":true,"href":"https:\/\/www.basketbalolomouc.eu\/index.php?rest_route=%2Fwp%2Fv2%2Fcomments&post=4489"}],"version-history":[{"count":1,"href":"https:\/\/www.basketbalolomouc.eu\/index.php?rest_route=\/wp\/v2\/posts\/4489\/revisions"}],"predecessor-version":[{"id":4490,"href":"https:\/\/www.basketbalolomouc.eu\/index.php?rest_route=\/wp\/v2\/posts\/4489\/revisions\/4490"}],"wp:attachment":[{"href":"https:\/\/www.basketbalolomouc.eu\/index.php?rest_route=%2Fwp%2Fv2%2Fmedia&parent=4489"}],"wp:term":[{"taxonomy":"category","embeddable":true,"href":"https:\/\/www.basketbalolomouc.eu\/index.php?rest_route=%2Fwp%2Fv2%2Fcategories&post=4489"},{"taxonomy":"post_tag","embeddable":true,"href":"https:\/\/www.basketbalolomouc.eu\/index.php?rest_route=%2Fwp%2Fv2%2Ftags&post=4489"}],"curies":[{"name":"wp","href":"https:\/\/api.w.org\/{rel}","templated":true}]}}