{"id":4468,"date":"2025-05-12T12:52:39","date_gmt":"2025-05-12T10:52:39","guid":{"rendered":"https:\/\/www.basketbalolomouc.eu\/?p=4468"},"modified":"2025-08-21T09:58:50","modified_gmt":"2025-08-21T07:58:50","slug":"sezona-2024-2025-je-u-konce","status":"publish","type":"post","link":"https:\/\/www.basketbalolomouc.eu\/?p=4468","title":{"rendered":"Sez\u00f3na 2024\/2025 je u konce."},"content":{"rendered":"\n<h3 class=\"wp-block-heading\">? <strong>Sez\u00f3na 2024\/2025 je u konce \u2013 d\u011bkujeme za podporu<\/strong><\/h3>\n\n\n\n<p>Dal\u0161\u00ed prvoligov\u00e1 sez\u00f3na je za n\u00e1mi. Byla n\u00e1ro\u010dn\u00e1, ale z\u00e1rove\u0148 pln\u00e1 moment\u016f, na kter\u00e9 budeme dlouho vzpom\u00ednat. Cht\u011bli bychom pod\u011bkovat v\u0161em hr\u00e1\u010d\u016fm za odvedenou pr\u00e1ci na h\u0159i\u0161ti i mimo n\u011bj, tren\u00e9rsk\u00e9mu t\u00fdmu za veden\u00ed a p\u0159\u00edpravu, a tak\u00e9 v\u0161em fanou\u0161k\u016fm, partner\u016fm a podporovatel\u016fm, kte\u0159\u00ed st\u00e1li po na\u0161em boku po celou sez\u00f3nu.<\/p>\n\n\n\n<p>Va\u0161e p\u0159\u00edtomnost v hledi\u0161ti, podpora na soci\u00e1ln\u00edch s\u00edt\u00edch a d\u016fv\u011bra v n\u00e1\u0161 t\u00fdm jsou pro n\u00e1s obrovskou motivac\u00ed. Spole\u010dn\u011b jsme zvl\u00e1dli v\u00fdzvy, kter\u00e9 p\u0159inesla sez\u00f3na 2024\/2025, a u\u017e te\u010f se t\u011b\u0161\u00edme na to, co p\u0159inese ta p\u0159\u00ed\u0161t\u00ed.<\/p>\n\n\n\n<p>U\u017eijte si zaslou\u017een\u00fd odpo\u010dinek a z\u016fsta\u0148te s n\u00e1mi \u2013 <strong>BASKETBAL OLOMOUC jede d\u00e1l!<\/strong><\/p>\n","protected":false},"excerpt":{"rendered":"<p>? Sez\u00f3na 2024\/2025 je u konce \u2013 d\u011bkujeme za podporu Dal\u0161\u00ed prvoligov\u00e1 sez\u00f3na je za n\u00e1mi. Byla n\u00e1ro\u010dn\u00e1, ale z\u00e1rove\u0148 pln\u00e1 moment\u016f, na kter\u00e9 budeme dlouho vzpom\u00ednat. Cht\u011bli bychom pod\u011bkovat v\u0161em hr\u00e1\u010d\u016fm za odvedenou pr\u00e1ci na h\u0159i\u0161ti i mimo n\u011bj, tren\u00e9rsk\u00e9mu t\u00fdmu za veden\u00ed a p\u0159\u00edpravu, a tak\u00e9 v\u0161em fanou\u0161k\u016fm, partner\u016fm a podporovatel\u016fm, kte\u0159\u00ed st\u00e1li &hellip;<\/p>\n<p class=\"read-more\"> <a class=\"\" href=\"https:\/\/www.basketbalolomouc.eu\/?p=4468\"> <span class=\"screen-reader-text\">Sez\u00f3na 2024\/2025 je u konce.<\/span> Pokra\u010dovat ve \u010dten\u00ed &raquo;<\/a><\/p>\n","protected":false},"author":1,"featured_media":4470,"comment_status":"open","ping_status":"open","sticky":false,"template":"","format":"standard","meta":{"wp_popup_display_lightbox":0,"wp_popup_suppress":"","wp_popup_trigger":"","wp_popup_trigger_amount":0,"wp_popup_disable_on_mobile":false,"ngg_post_thumbnail":0,"footnotes":""},"categories":[1],"tags":[],"class_list":["post-4468","post","type-post","status-publish","format-standard","has-post-thumbnail","hentry","category-nezarazene"],"yoast_head":"<!-- This site is optimized with the Yoast SEO plugin v24.0 - https:\/\/yoast.com\/wordpress\/plugins\/seo\/ -->\n<title>Sez\u00f3na 2024\/2025 je u konce. - Basketbal Olomouc<\/title>\n<meta name=\"robots\" content=\"index, follow, max-snippet:-1, max-image-preview:large, max-video-preview:-1\" \/>\n<link rel=\"canonical\" href=\"https:\/\/www.basketbalolomouc.eu\/?p=4468\" \/>\n<meta property=\"og:locale\" content=\"cs_CZ\" \/>\n<meta property=\"og:type\" content=\"article\" \/>\n<meta property=\"og:title\" content=\"Sez\u00f3na 2024\/2025 je u konce. - Basketbal Olomouc\" \/>\n<meta property=\"og:description\" content=\"? Sez\u00f3na 2024\/2025 je u konce \u2013 d\u011bkujeme za podporu Dal\u0161\u00ed prvoligov\u00e1 sez\u00f3na je za n\u00e1mi. Byla n\u00e1ro\u010dn\u00e1, ale z\u00e1rove\u0148 pln\u00e1 moment\u016f, na kter\u00e9 budeme dlouho vzpom\u00ednat. Cht\u011bli bychom pod\u011bkovat v\u0161em hr\u00e1\u010d\u016fm za odvedenou pr\u00e1ci na h\u0159i\u0161ti i mimo n\u011bj, tren\u00e9rsk\u00e9mu t\u00fdmu za veden\u00ed a p\u0159\u00edpravu, a tak\u00e9 v\u0161em fanou\u0161k\u016fm, partner\u016fm a podporovatel\u016fm, kte\u0159\u00ed st\u00e1li &hellip; Sez\u00f3na 2024\/2025 je u konce. Pokra\u010dovat ve \u010dten\u00ed &raquo;\" \/>\n<meta property=\"og:url\" content=\"https:\/\/www.basketbalolomouc.eu\/?p=4468\" \/>\n<meta property=\"og:site_name\" content=\"Basketbal Olomouc\" \/>\n<meta property=\"article:publisher\" content=\"https:\/\/www.facebook.com\/BasketbalOlomouc\/\" \/>\n<meta property=\"article:published_time\" content=\"2025-05-12T10:52:39+00:00\" \/>\n<meta property=\"article:modified_time\" content=\"2025-08-21T07:58:50+00:00\" \/>\n<meta property=\"og:image\" content=\"http:\/\/www.basketbalolomouc.eu\/wp-content\/uploads\/2025\/05\/a488d867b8662c15c6f684c821dff6fadb2489a1-fototapeta-basketball-samolepici-tapety-360x240-1.webp\" \/>\n\t<meta property=\"og:image:width\" content=\"2040\" \/>\n\t<meta property=\"og:image:height\" content=\"1434\" \/>\n\t<meta property=\"og:image:type\" content=\"image\/webp\" \/>\n<meta name=\"author\" content=\"admin\" \/>\n<meta name=\"twitter:card\" content=\"summary_large_image\" \/>\n<meta name=\"twitter:label1\" content=\"Napsal(a)\" \/>\n\t<meta name=\"twitter:data1\" content=\"admin\" \/>\n\t<meta name=\"twitter:label2\" content=\"Odhadovan\u00e1 doba \u010dten\u00ed\" \/>\n\t<meta name=\"twitter:data2\" content=\"1 minuta\" \/>\n<script type=\"application\/ld+json\" class=\"yoast-schema-graph\">{\"@context\":\"https:\/\/schema.org\",\"@graph\":[{\"@type\":\"Article\",\"@id\":\"https:\/\/www.basketbalolomouc.eu\/?p=4468#article\",\"isPartOf\":{\"@id\":\"https:\/\/www.basketbalolomouc.eu\/?p=4468\"},\"author\":{\"name\":\"admin\",\"@id\":\"https:\/\/www.basketbalolomouc.eu\/#\/schema\/person\/55f3f9c30c429ebe52d080eadc3ca07c\"},\"headline\":\"Sez\u00f3na 2024\/2025 je u konce.\",\"datePublished\":\"2025-05-12T10:52:39+00:00\",\"dateModified\":\"2025-08-21T07:58:50+00:00\",\"mainEntityOfPage\":{\"@id\":\"https:\/\/www.basketbalolomouc.eu\/?p=4468\"},\"wordCount\":165,\"commentCount\":0,\"publisher\":{\"@id\":\"https:\/\/www.basketbalolomouc.eu\/#organization\"},\"image\":{\"@id\":\"https:\/\/www.basketbalolomouc.eu\/?p=4468#primaryimage\"},\"thumbnailUrl\":\"https:\/\/www.basketbalolomouc.eu\/wp-content\/uploads\/2025\/05\/a488d867b8662c15c6f684c821dff6fadb2489a1-fototapeta-basketball-samolepici-tapety-360x240-1.webp\",\"inLanguage\":\"cs\",\"potentialAction\":[{\"@type\":\"CommentAction\",\"name\":\"Comment\",\"target\":[\"https:\/\/www.basketbalolomouc.eu\/?p=4468#respond\"]}]},{\"@type\":\"WebPage\",\"@id\":\"https:\/\/www.basketbalolomouc.eu\/?p=4468\",\"url\":\"https:\/\/www.basketbalolomouc.eu\/?p=4468\",\"name\":\"Sez\u00f3na 2024\/2025 je u konce. - Basketbal Olomouc\",\"isPartOf\":{\"@id\":\"https:\/\/www.basketbalolomouc.eu\/#website\"},\"primaryImageOfPage\":{\"@id\":\"https:\/\/www.basketbalolomouc.eu\/?p=4468#primaryimage\"},\"image\":{\"@id\":\"https:\/\/www.basketbalolomouc.eu\/?p=4468#primaryimage\"},\"thumbnailUrl\":\"https:\/\/www.basketbalolomouc.eu\/wp-content\/uploads\/2025\/05\/a488d867b8662c15c6f684c821dff6fadb2489a1-fototapeta-basketball-samolepici-tapety-360x240-1.webp\",\"datePublished\":\"2025-05-12T10:52:39+00:00\",\"dateModified\":\"2025-08-21T07:58:50+00:00\",\"breadcrumb\":{\"@id\":\"https:\/\/www.basketbalolomouc.eu\/?p=4468#breadcrumb\"},\"inLanguage\":\"cs\",\"potentialAction\":[{\"@type\":\"ReadAction\",\"target\":[\"https:\/\/www.basketbalolomouc.eu\/?p=4468\"]}]},{\"@type\":\"ImageObject\",\"inLanguage\":\"cs\",\"@id\":\"https:\/\/www.basketbalolomouc.eu\/?p=4468#primaryimage\",\"url\":\"https:\/\/www.basketbalolomouc.eu\/wp-content\/uploads\/2025\/05\/a488d867b8662c15c6f684c821dff6fadb2489a1-fototapeta-basketball-samolepici-tapety-360x240-1.webp\",\"contentUrl\":\"https:\/\/www.basketbalolomouc.eu\/wp-content\/uploads\/2025\/05\/a488d867b8662c15c6f684c821dff6fadb2489a1-fototapeta-basketball-samolepici-tapety-360x240-1.webp\",\"width\":2040,\"height\":1434},{\"@type\":\"BreadcrumbList\",\"@id\":\"https:\/\/www.basketbalolomouc.eu\/?p=4468#breadcrumb\",\"itemListElement\":[{\"@type\":\"ListItem\",\"position\":1,\"name\":\"Dom\u016f\",\"item\":\"https:\/\/www.basketbalolomouc.eu\/\"},{\"@type\":\"ListItem\",\"position\":2,\"name\":\"Sez\u00f3na 2024\/2025 je u konce.\"}]},{\"@type\":\"WebSite\",\"@id\":\"https:\/\/www.basketbalolomouc.eu\/#website\",\"url\":\"https:\/\/www.basketbalolomouc.eu\/\",\"name\":\"Basketbal Olomouc\",\"description\":\"Basketbalov\u00fd klub\",\"publisher\":{\"@id\":\"https:\/\/www.basketbalolomouc.eu\/#organization\"},\"potentialAction\":[{\"@type\":\"SearchAction\",\"target\":{\"@type\":\"EntryPoint\",\"urlTemplate\":\"https:\/\/www.basketbalolomouc.eu\/?s={search_term_string}\"},\"query-input\":{\"@type\":\"PropertyValueSpecification\",\"valueRequired\":true,\"valueName\":\"search_term_string\"}}],\"inLanguage\":\"cs\"},{\"@type\":\"Organization\",\"@id\":\"https:\/\/www.basketbalolomouc.eu\/#organization\",\"name\":\"Basketbal Olomouc\",\"url\":\"https:\/\/www.basketbalolomouc.eu\/\",\"logo\":{\"@type\":\"ImageObject\",\"inLanguage\":\"cs\",\"@id\":\"https:\/\/www.basketbalolomouc.eu\/#\/schema\/logo\/image\/\",\"url\":\"http:\/\/www.basketbalolomouc.eu\/wp-content\/uploads\/2018\/08\/logo_basketbal_olomouc.jpg\",\"contentUrl\":\"http:\/\/www.basketbalolomouc.eu\/wp-content\/uploads\/2018\/08\/logo_basketbal_olomouc.jpg\",\"width\":1180,\"height\":1180,\"caption\":\"Basketbal Olomouc\"},\"image\":{\"@id\":\"https:\/\/www.basketbalolomouc.eu\/#\/schema\/logo\/image\/\"},\"sameAs\":[\"https:\/\/www.facebook.com\/BasketbalOlomouc\/\"]},{\"@type\":\"Person\",\"@id\":\"https:\/\/www.basketbalolomouc.eu\/#\/schema\/person\/55f3f9c30c429ebe52d080eadc3ca07c\",\"name\":\"admin\",\"image\":{\"@type\":\"ImageObject\",\"inLanguage\":\"cs\",\"@id\":\"https:\/\/www.basketbalolomouc.eu\/#\/schema\/person\/image\/\",\"url\":\"https:\/\/secure.gravatar.com\/avatar\/9d1de5457b139edf6366e02182f22397?s=96&d=mm&r=g\",\"contentUrl\":\"https:\/\/secure.gravatar.com\/avatar\/9d1de5457b139edf6366e02182f22397?s=96&d=mm&r=g\",\"caption\":\"admin\"},\"url\":\"https:\/\/www.basketbalolomouc.eu\/?author=1\"}]}<\/script>\n<!-- \/ Yoast SEO plugin. -->","yoast_head_json":{"title":"Sez\u00f3na 2024\/2025 je u konce. - Basketbal Olomouc","robots":{"index":"index","follow":"follow","max-snippet":"max-snippet:-1","max-image-preview":"max-image-preview:large","max-video-preview":"max-video-preview:-1"},"canonical":"https:\/\/www.basketbalolomouc.eu\/?p=4468","og_locale":"cs_CZ","og_type":"article","og_title":"Sez\u00f3na 2024\/2025 je u konce. - Basketbal Olomouc","og_description":"? Sez\u00f3na 2024\/2025 je u konce \u2013 d\u011bkujeme za podporu Dal\u0161\u00ed prvoligov\u00e1 sez\u00f3na je za n\u00e1mi. Byla n\u00e1ro\u010dn\u00e1, ale z\u00e1rove\u0148 pln\u00e1 moment\u016f, na kter\u00e9 budeme dlouho vzpom\u00ednat. Cht\u011bli bychom pod\u011bkovat v\u0161em hr\u00e1\u010d\u016fm za odvedenou pr\u00e1ci na h\u0159i\u0161ti i mimo n\u011bj, tren\u00e9rsk\u00e9mu t\u00fdmu za veden\u00ed a p\u0159\u00edpravu, a tak\u00e9 v\u0161em fanou\u0161k\u016fm, partner\u016fm a podporovatel\u016fm, kte\u0159\u00ed st\u00e1li &hellip; Sez\u00f3na 2024\/2025 je u konce. Pokra\u010dovat ve \u010dten\u00ed &raquo;","og_url":"https:\/\/www.basketbalolomouc.eu\/?p=4468","og_site_name":"Basketbal Olomouc","article_publisher":"https:\/\/www.facebook.com\/BasketbalOlomouc\/","article_published_time":"2025-05-12T10:52:39+00:00","article_modified_time":"2025-08-21T07:58:50+00:00","og_image":[{"width":2040,"height":1434,"url":"http:\/\/www.basketbalolomouc.eu\/wp-content\/uploads\/2025\/05\/a488d867b8662c15c6f684c821dff6fadb2489a1-fototapeta-basketball-samolepici-tapety-360x240-1.webp","type":"image\/webp"}],"author":"admin","twitter_card":"summary_large_image","twitter_misc":{"Napsal(a)":"admin","Odhadovan\u00e1 doba \u010dten\u00ed":"1 minuta"},"schema":{"@context":"https:\/\/schema.org","@graph":[{"@type":"Article","@id":"https:\/\/www.basketbalolomouc.eu\/?p=4468#article","isPartOf":{"@id":"https:\/\/www.basketbalolomouc.eu\/?p=4468"},"author":{"name":"admin","@id":"https:\/\/www.basketbalolomouc.eu\/#\/schema\/person\/55f3f9c30c429ebe52d080eadc3ca07c"},"headline":"Sez\u00f3na 2024\/2025 je u konce.","datePublished":"2025-05-12T10:52:39+00:00","dateModified":"2025-08-21T07:58:50+00:00","mainEntityOfPage":{"@id":"https:\/\/www.basketbalolomouc.eu\/?p=4468"},"wordCount":165,"commentCount":0,"publisher":{"@id":"https:\/\/www.basketbalolomouc.eu\/#organization"},"image":{"@id":"https:\/\/www.basketbalolomouc.eu\/?p=4468#primaryimage"},"thumbnailUrl":"https:\/\/www.basketbalolomouc.eu\/wp-content\/uploads\/2025\/05\/a488d867b8662c15c6f684c821dff6fadb2489a1-fototapeta-basketball-samolepici-tapety-360x240-1.webp","inLanguage":"cs","potentialAction":[{"@type":"CommentAction","name":"Comment","target":["https:\/\/www.basketbalolomouc.eu\/?p=4468#respond"]}]},{"@type":"WebPage","@id":"https:\/\/www.basketbalolomouc.eu\/?p=4468","url":"https:\/\/www.basketbalolomouc.eu\/?p=4468","name":"Sez\u00f3na 2024\/2025 je u konce. - Basketbal Olomouc","isPartOf":{"@id":"https:\/\/www.basketbalolomouc.eu\/#website"},"primaryImageOfPage":{"@id":"https:\/\/www.basketbalolomouc.eu\/?p=4468#primaryimage"},"image":{"@id":"https:\/\/www.basketbalolomouc.eu\/?p=4468#primaryimage"},"thumbnailUrl":"https:\/\/www.basketbalolomouc.eu\/wp-content\/uploads\/2025\/05\/a488d867b8662c15c6f684c821dff6fadb2489a1-fototapeta-basketball-samolepici-tapety-360x240-1.webp","datePublished":"2025-05-12T10:52:39+00:00","dateModified":"2025-08-21T07:58:50+00:00","breadcrumb":{"@id":"https:\/\/www.basketbalolomouc.eu\/?p=4468#breadcrumb"},"inLanguage":"cs","potentialAction":[{"@type":"ReadAction","target":["https:\/\/www.basketbalolomouc.eu\/?p=4468"]}]},{"@type":"ImageObject","inLanguage":"cs","@id":"https:\/\/www.basketbalolomouc.eu\/?p=4468#primaryimage","url":"https:\/\/www.basketbalolomouc.eu\/wp-content\/uploads\/2025\/05\/a488d867b8662c15c6f684c821dff6fadb2489a1-fototapeta-basketball-samolepici-tapety-360x240-1.webp","contentUrl":"https:\/\/www.basketbalolomouc.eu\/wp-content\/uploads\/2025\/05\/a488d867b8662c15c6f684c821dff6fadb2489a1-fototapeta-basketball-samolepici-tapety-360x240-1.webp","width":2040,"height":1434},{"@type":"BreadcrumbList","@id":"https:\/\/www.basketbalolomouc.eu\/?p=4468#breadcrumb","itemListElement":[{"@type":"ListItem","position":1,"name":"Dom\u016f","item":"https:\/\/www.basketbalolomouc.eu\/"},{"@type":"ListItem","position":2,"name":"Sez\u00f3na 2024\/2025 je u konce."}]},{"@type":"WebSite","@id":"https:\/\/www.basketbalolomouc.eu\/#website","url":"https:\/\/www.basketbalolomouc.eu\/","name":"Basketbal Olomouc","description":"Basketbalov\u00fd klub","publisher":{"@id":"https:\/\/www.basketbalolomouc.eu\/#organization"},"potentialAction":[{"@type":"SearchAction","target":{"@type":"EntryPoint","urlTemplate":"https:\/\/www.basketbalolomouc.eu\/?s={search_term_string}"},"query-input":{"@type":"PropertyValueSpecification","valueRequired":true,"valueName":"search_term_string"}}],"inLanguage":"cs"},{"@type":"Organization","@id":"https:\/\/www.basketbalolomouc.eu\/#organization","name":"Basketbal Olomouc","url":"https:\/\/www.basketbalolomouc.eu\/","logo":{"@type":"ImageObject","inLanguage":"cs","@id":"https:\/\/www.basketbalolomouc.eu\/#\/schema\/logo\/image\/","url":"http:\/\/www.basketbalolomouc.eu\/wp-content\/uploads\/2018\/08\/logo_basketbal_olomouc.jpg","contentUrl":"http:\/\/www.basketbalolomouc.eu\/wp-content\/uploads\/2018\/08\/logo_basketbal_olomouc.jpg","width":1180,"height":1180,"caption":"Basketbal Olomouc"},"image":{"@id":"https:\/\/www.basketbalolomouc.eu\/#\/schema\/logo\/image\/"},"sameAs":["https:\/\/www.facebook.com\/BasketbalOlomouc\/"]},{"@type":"Person","@id":"https:\/\/www.basketbalolomouc.eu\/#\/schema\/person\/55f3f9c30c429ebe52d080eadc3ca07c","name":"admin","image":{"@type":"ImageObject","inLanguage":"cs","@id":"https:\/\/www.basketbalolomouc.eu\/#\/schema\/person\/image\/","url":"https:\/\/secure.gravatar.com\/avatar\/9d1de5457b139edf6366e02182f22397?s=96&d=mm&r=g","contentUrl":"https:\/\/secure.gravatar.com\/avatar\/9d1de5457b139edf6366e02182f22397?s=96&d=mm&r=g","caption":"admin"},"url":"https:\/\/www.basketbalolomouc.eu\/?author=1"}]}},"_links":{"self":[{"href":"https:\/\/www.basketbalolomouc.eu\/index.php?rest_route=\/wp\/v2\/posts\/4468","targetHints":{"allow":["GET"]}}],"collection":[{"href":"https:\/\/www.basketbalolomouc.eu\/index.php?rest_route=\/wp\/v2\/posts"}],"about":[{"href":"https:\/\/www.basketbalolomouc.eu\/index.php?rest_route=\/wp\/v2\/types\/post"}],"author":[{"embeddable":true,"href":"https:\/\/www.basketbalolomouc.eu\/index.php?rest_route=\/wp\/v2\/users\/1"}],"replies":[{"embeddable":true,"href":"https:\/\/www.basketbalolomouc.eu\/index.php?rest_route=%2Fwp%2Fv2%2Fcomments&post=4468"}],"version-history":[{"count":1,"href":"https:\/\/www.basketbalolomouc.eu\/index.php?rest_route=\/wp\/v2\/posts\/4468\/revisions"}],"predecessor-version":[{"id":4471,"href":"https:\/\/www.basketbalolomouc.eu\/index.php?rest_route=\/wp\/v2\/posts\/4468\/revisions\/4471"}],"wp:featuredmedia":[{"embeddable":true,"href":"https:\/\/www.basketbalolomouc.eu\/index.php?rest_route=\/wp\/v2\/media\/4470"}],"wp:attachment":[{"href":"https:\/\/www.basketbalolomouc.eu\/index.php?rest_route=%2Fwp%2Fv2%2Fmedia&parent=4468"}],"wp:term":[{"taxonomy":"category","embeddable":true,"href":"https:\/\/www.basketbalolomouc.eu\/index.php?rest_route=%2Fwp%2Fv2%2Fcategories&post=4468"},{"taxonomy":"post_tag","embeddable":true,"href":"https:\/\/www.basketbalolomouc.eu\/index.php?rest_route=%2Fwp%2Fv2%2Ftags&post=4468"}],"curies":[{"name":"wp","href":"https:\/\/api.w.org\/{rel}","templated":true}]}}