{"id":4451,"date":"2025-05-08T13:34:40","date_gmt":"2025-05-08T11:34:40","guid":{"rendered":"https:\/\/www.basketbalolomouc.eu\/?p=4451"},"modified":"2025-07-10T14:09:14","modified_gmt":"2025-07-10T12:09:14","slug":"charitativni-basketbalovy-maraton","status":"publish","type":"post","link":"https:\/\/www.basketbalolomouc.eu\/?p=4451","title":{"rendered":"Charitativn\u00ed basketbalov\u00fd maraton"},"content":{"rendered":"\n<p><strong><u>Z\u00c1KLADN\u00cd INFORMACE K&nbsp;I. RO\u010cN\u00cdKU LETN\u00cdHO CHARITATIVN\u00cdHO BASKETBALOV\u00c9HO MARATONU V&nbsp;OLOMOUCI.<\/u><\/strong><\/p>\n\n\n\n<p>Basketbal Olomouc si V\u00e1s dovoluje pozvat k&nbsp;aktivn\u00ed \u00fa\u010dasti na basketbalov\u00e9m maratonu, kter\u00fd se uskute\u010dn\u00ed v&nbsp;Olomouci v&nbsp;\u010cAJKAR\u00c9N\u011a, p\u016fjde o jedine\u010dnou akci, kter\u00e1 propoj\u00ed sport, z\u00e1bavu a dobro\u010dinnost s&nbsp;c\u00edlem pomoci d\u011btem, kter\u00e9 na\u0161i pomoc pot\u0159ebuj\u00ed.<\/p>\n\n\n\n<p><strong>Term\u00edn akce: \u010dtvrtek dne 19.6.2025 od 9.00 do 21.00 hodin.<\/strong><br><\/p>\n\n\n\n<figure class=\"wp-block-image size-large\"><img fetchpriority=\"high\" decoding=\"async\" width=\"1024\" height=\"730\" src=\"http:\/\/www.basketbalolomouc.eu\/wp-content\/uploads\/2025\/05\/Maraton-pozvanka-page-001-1024x730.jpg\" alt=\"\" class=\"wp-image-4454\" srcset=\"https:\/\/www.basketbalolomouc.eu\/wp-content\/uploads\/2025\/05\/Maraton-pozvanka-page-001-1024x730.jpg 1024w, https:\/\/www.basketbalolomouc.eu\/wp-content\/uploads\/2025\/05\/Maraton-pozvanka-page-001-300x214.jpg 300w, https:\/\/www.basketbalolomouc.eu\/wp-content\/uploads\/2025\/05\/Maraton-pozvanka-page-001-768x548.jpg 768w, https:\/\/www.basketbalolomouc.eu\/wp-content\/uploads\/2025\/05\/Maraton-pozvanka-page-001-1536x1095.jpg 1536w, https:\/\/www.basketbalolomouc.eu\/wp-content\/uploads\/2025\/05\/Maraton-pozvanka-page-001-2048x1460.jpg 2048w\" sizes=\"(max-width: 1024px) 100vw, 1024px\" \/><\/figure>\n\n\n\n<p>B\u011bhem basketbalov\u00e9ho maratonu se na palubovce postupn\u011b vyst\u0159\u00eddaj\u00ed t\u00fdmy z \u0159ad student\u016f S\u0160 z&nbsp;Olomouck\u00e9ho kraje, sportovn\u00edch klub\u016f, t\u00fdmy z&nbsp;\u0159ad ve\u0159ejnosti a partner\u016f.<\/p>\n\n\n\n<p>S&nbsp;\u00fa\u010dast\u00ed \u0161koln\u00edch skupin po\u010d\u00edt\u00e1me od 9:00 do 16:00 hodin, dle z\u00e1jmu. \u010cas bude up\u0159esn\u011bn na z\u00e1klad\u011b Va\u0161eho po\u017eadavku a na\u0161ich mo\u017enost\u00ed, voln\u00fdch term\u00edn\u016f.<\/p>\n\n\n\n<p>Po celou dobu akce bude prob\u00edhat charitativn\u00ed sb\u00edrka, jej\u00ed\u017e v\u00fdt\u011b\u017eek bude p\u0159i slavnostn\u00edm zakon\u010den\u00edm p\u0159ed\u00e1n d\u011btsk\u00e9 onkologii FN Olomouc.<\/p>\n\n\n\n<p><strong>C\u00edlem akce je zapojit co nejv\u00edce d\u011bt\u00ed, student\u016f, dosp\u011bl\u00fdch a amat\u00e9rsk\u00fdch sportovc\u016f z cel\u00e9ho Olomouck\u00e9ho kraje<\/strong><strong>.<\/strong><\/p>\n\n\n\n<p>M\u00edsto kon\u00e1n\u00ed akce: Sportovn\u00ed hala \u010cAJKAR\u00c9NA, v&nbsp;prostor\u00e1ch Gymn\u00e1zia \u010cajkovsk\u00e9ho 9.<\/p>\n\n\n\n<p><strong>P\u0159ihl\u00e1\u0161ku za\u0161lete na adresu. <\/strong><a href=\"mailto:misa.pekarek@seznam.cz\"><strong>misa.pekarek@seznam.cz<\/strong><\/a><strong><\/strong><\/p>\n\n\n\n<p>Na z\u00e1klad\u011b Va\u0161\u00ed p\u0159ihl\u00e1\u0161ky, V\u00e1m za\u0161leme \u010dasov\u00fd rozvrh mo\u017en\u00e9 hry. Ka\u017ed\u00fd t\u00fdm hraje 40 a\u017e 60 minut, podle p\u0159ihl\u00e1\u0161en\u00fdch dru\u017estev se \u010das m\u016f\u017ee upravit.<\/p>\n\n\n\n<p>Leto\u0161n\u00ed charitativn\u00ed sb\u00edrka v&nbsp;r\u00e1mci basketbalov\u00e9ho maratonu bude u\u0159\u010dena pro d\u011btskou onkologii ve FN Olomouc.<\/p>\n\n\n\n<p>P\u0159isp\u011bt na dobrou v\u011bc m\u016f\u017ee ka\u017ed\u00e9 dru\u017estvo libovolnou \u010d\u00e1stkou p\u0159\u00edmo ve sportovn\u00ed hale, vybran\u00e1 \u010d\u00e1stka bude p\u0159ed\u00e1na p\u0159i slavnostn\u00edm vyhl\u00e1\u0161en\u00ed z\u00e1stupci d\u011btsk\u00e9 onkologie v&nbsp;Olomouci.<\/p>\n\n\n\n<p>B\u011bhem akce bude pro v\u0161echny z\u00fa\u010dastn\u011bn\u00e9 zaji\u0161t\u011bno ob\u010derstven\u00ed, doprovodn\u00fd program a pro ty nejmen\u0161\u00ed bude k&nbsp;dispozici d\u011btsk\u00fdch sk\u00e1kac\u00ed hrad.<\/p>\n\n\n\n<p>V\u011b\u0159\u00edme, \u017ee se Va\u0161e \u0161kola basketbalov\u00e9ho maratonu z\u00fa\u010dastn\u00ed a studenti si u\u017eij\u00ed den pln\u00fd sportu.<\/p>\n\n\n\n<p>Na Va\u0161i \u00fa\u010dast se t\u011b\u0161\u00ed organiz\u00e1tor cel\u00e9 akce Basketbal Olomouc ve spolupr\u00e1ci s&nbsp;Olomouck\u00fdm krajem, Vodohospod\u00e1\u0159skou spole\u010dnost\u00ed Olomouc, a.s, a gymn\u00e1zium \u010cajkovsk\u00e9ho v&nbsp;Olomouci.<\/p>\n\n\n\n<p><strong>Odpov\u011b\u010f pros\u00edm za\u0161lete co nejd\u0159\u00edve, nejpozd\u011bji v\u0161ak do uz\u00e1v\u011brky p\u0159ihl\u00e1\u0161ek, a to do st\u0159edy 4.6.2025, nebo do napln\u011bn\u00ed kapacity.<\/strong><\/p>\n\n\n\n<p><strong>T\u011b\u0161\u00edme se na V\u00e1s.<\/strong><\/p>\n\n\n\n<p>Za Basketbal Olomouc Michal Pek\u00e1rek, mobil 777026174.<\/p>\n","protected":false},"excerpt":{"rendered":"<p>Z\u00c1KLADN\u00cd INFORMACE K&nbsp;I. RO\u010cN\u00cdKU LETN\u00cdHO CHARITATIVN\u00cdHO BASKETBALOV\u00c9HO MARATONU V&nbsp;OLOMOUCI. Basketbal Olomouc si V\u00e1s dovoluje pozvat k&nbsp;aktivn\u00ed \u00fa\u010dasti na basketbalov\u00e9m maratonu, kter\u00fd se uskute\u010dn\u00ed v&nbsp;Olomouci v&nbsp;\u010cAJKAR\u00c9N\u011a, p\u016fjde o jedine\u010dnou akci, kter\u00e1 propoj\u00ed sport, z\u00e1bavu a dobro\u010dinnost s&nbsp;c\u00edlem pomoci d\u011btem, kter\u00e9 na\u0161i pomoc pot\u0159ebuj\u00ed. Term\u00edn akce: \u010dtvrtek dne 19.6.2025 od 9.00 do 21.00 hodin. B\u011bhem basketbalov\u00e9ho maratonu &hellip;<\/p>\n<p class=\"read-more\"> <a class=\"\" href=\"https:\/\/www.basketbalolomouc.eu\/?p=4451\"> <span class=\"screen-reader-text\">Charitativn\u00ed basketbalov\u00fd maraton<\/span> Pokra\u010dovat ve \u010dten\u00ed &raquo;<\/a><\/p>\n","protected":false},"author":1,"featured_media":4454,"comment_status":"open","ping_status":"open","sticky":true,"template":"","format":"standard","meta":{"wp_popup_display_lightbox":0,"wp_popup_suppress":"","wp_popup_trigger":"","wp_popup_trigger_amount":0,"wp_popup_disable_on_mobile":false,"ngg_post_thumbnail":0,"footnotes":""},"categories":[1],"tags":[],"class_list":["post-4451","post","type-post","status-publish","format-standard","has-post-thumbnail","hentry","category-nezarazene"],"yoast_head":"<!-- This site is optimized with the Yoast SEO plugin v24.0 - https:\/\/yoast.com\/wordpress\/plugins\/seo\/ -->\n<title>Charitativn\u00ed basketbalov\u00fd maraton - Basketbal Olomouc<\/title>\n<meta name=\"robots\" content=\"index, follow, max-snippet:-1, max-image-preview:large, max-video-preview:-1\" \/>\n<link rel=\"canonical\" href=\"https:\/\/www.basketbalolomouc.eu\/?p=4451\" \/>\n<meta property=\"og:locale\" content=\"cs_CZ\" \/>\n<meta property=\"og:type\" content=\"article\" \/>\n<meta property=\"og:title\" content=\"Charitativn\u00ed basketbalov\u00fd maraton - Basketbal Olomouc\" \/>\n<meta property=\"og:description\" content=\"Z\u00c1KLADN\u00cd INFORMACE K&nbsp;I. RO\u010cN\u00cdKU LETN\u00cdHO CHARITATIVN\u00cdHO BASKETBALOV\u00c9HO MARATONU V&nbsp;OLOMOUCI. Basketbal Olomouc si V\u00e1s dovoluje pozvat k&nbsp;aktivn\u00ed \u00fa\u010dasti na basketbalov\u00e9m maratonu, kter\u00fd se uskute\u010dn\u00ed v&nbsp;Olomouci v&nbsp;\u010cAJKAR\u00c9N\u011a, p\u016fjde o jedine\u010dnou akci, kter\u00e1 propoj\u00ed sport, z\u00e1bavu a dobro\u010dinnost s&nbsp;c\u00edlem pomoci d\u011btem, kter\u00e9 na\u0161i pomoc pot\u0159ebuj\u00ed. Term\u00edn akce: \u010dtvrtek dne 19.6.2025 od 9.00 do 21.00 hodin. B\u011bhem basketbalov\u00e9ho maratonu &hellip; Charitativn\u00ed basketbalov\u00fd maraton Pokra\u010dovat ve \u010dten\u00ed &raquo;\" \/>\n<meta property=\"og:url\" content=\"https:\/\/www.basketbalolomouc.eu\/?p=4451\" \/>\n<meta property=\"og:site_name\" content=\"Basketbal Olomouc\" \/>\n<meta property=\"article:publisher\" content=\"https:\/\/www.facebook.com\/BasketbalOlomouc\/\" \/>\n<meta property=\"article:published_time\" content=\"2025-05-08T11:34:40+00:00\" \/>\n<meta property=\"article:modified_time\" content=\"2025-07-10T12:09:14+00:00\" \/>\n<meta property=\"og:image\" content=\"http:\/\/www.basketbalolomouc.eu\/wp-content\/uploads\/2025\/05\/Maraton-pozvanka-page-001-scaled.jpg\" \/>\n\t<meta property=\"og:image:width\" content=\"2560\" \/>\n\t<meta property=\"og:image:height\" content=\"1826\" \/>\n\t<meta property=\"og:image:type\" content=\"image\/jpeg\" \/>\n<meta name=\"author\" content=\"admin\" \/>\n<meta name=\"twitter:card\" content=\"summary_large_image\" \/>\n<meta name=\"twitter:label1\" content=\"Napsal(a)\" \/>\n\t<meta name=\"twitter:data1\" content=\"admin\" \/>\n\t<meta name=\"twitter:label2\" content=\"Odhadovan\u00e1 doba \u010dten\u00ed\" \/>\n\t<meta name=\"twitter:data2\" content=\"3 minuty\" \/>\n<script type=\"application\/ld+json\" class=\"yoast-schema-graph\">{\"@context\":\"https:\/\/schema.org\",\"@graph\":[{\"@type\":\"Article\",\"@id\":\"https:\/\/www.basketbalolomouc.eu\/?p=4451#article\",\"isPartOf\":{\"@id\":\"https:\/\/www.basketbalolomouc.eu\/?p=4451\"},\"author\":{\"name\":\"admin\",\"@id\":\"https:\/\/www.basketbalolomouc.eu\/#\/schema\/person\/55f3f9c30c429ebe52d080eadc3ca07c\"},\"headline\":\"Charitativn\u00ed basketbalov\u00fd maraton\",\"datePublished\":\"2025-05-08T11:34:40+00:00\",\"dateModified\":\"2025-07-10T12:09:14+00:00\",\"mainEntityOfPage\":{\"@id\":\"https:\/\/www.basketbalolomouc.eu\/?p=4451\"},\"wordCount\":461,\"commentCount\":0,\"publisher\":{\"@id\":\"https:\/\/www.basketbalolomouc.eu\/#organization\"},\"image\":{\"@id\":\"https:\/\/www.basketbalolomouc.eu\/?p=4451#primaryimage\"},\"thumbnailUrl\":\"https:\/\/www.basketbalolomouc.eu\/wp-content\/uploads\/2025\/05\/Maraton-pozvanka-page-001-scaled.jpg\",\"inLanguage\":\"cs\",\"potentialAction\":[{\"@type\":\"CommentAction\",\"name\":\"Comment\",\"target\":[\"https:\/\/www.basketbalolomouc.eu\/?p=4451#respond\"]}]},{\"@type\":\"WebPage\",\"@id\":\"https:\/\/www.basketbalolomouc.eu\/?p=4451\",\"url\":\"https:\/\/www.basketbalolomouc.eu\/?p=4451\",\"name\":\"Charitativn\u00ed basketbalov\u00fd maraton - Basketbal Olomouc\",\"isPartOf\":{\"@id\":\"https:\/\/www.basketbalolomouc.eu\/#website\"},\"primaryImageOfPage\":{\"@id\":\"https:\/\/www.basketbalolomouc.eu\/?p=4451#primaryimage\"},\"image\":{\"@id\":\"https:\/\/www.basketbalolomouc.eu\/?p=4451#primaryimage\"},\"thumbnailUrl\":\"https:\/\/www.basketbalolomouc.eu\/wp-content\/uploads\/2025\/05\/Maraton-pozvanka-page-001-scaled.jpg\",\"datePublished\":\"2025-05-08T11:34:40+00:00\",\"dateModified\":\"2025-07-10T12:09:14+00:00\",\"breadcrumb\":{\"@id\":\"https:\/\/www.basketbalolomouc.eu\/?p=4451#breadcrumb\"},\"inLanguage\":\"cs\",\"potentialAction\":[{\"@type\":\"ReadAction\",\"target\":[\"https:\/\/www.basketbalolomouc.eu\/?p=4451\"]}]},{\"@type\":\"ImageObject\",\"inLanguage\":\"cs\",\"@id\":\"https:\/\/www.basketbalolomouc.eu\/?p=4451#primaryimage\",\"url\":\"https:\/\/www.basketbalolomouc.eu\/wp-content\/uploads\/2025\/05\/Maraton-pozvanka-page-001-scaled.jpg\",\"contentUrl\":\"https:\/\/www.basketbalolomouc.eu\/wp-content\/uploads\/2025\/05\/Maraton-pozvanka-page-001-scaled.jpg\",\"width\":2560,\"height\":1826},{\"@type\":\"BreadcrumbList\",\"@id\":\"https:\/\/www.basketbalolomouc.eu\/?p=4451#breadcrumb\",\"itemListElement\":[{\"@type\":\"ListItem\",\"position\":1,\"name\":\"Dom\u016f\",\"item\":\"https:\/\/www.basketbalolomouc.eu\/\"},{\"@type\":\"ListItem\",\"position\":2,\"name\":\"Charitativn\u00ed basketbalov\u00fd maraton\"}]},{\"@type\":\"WebSite\",\"@id\":\"https:\/\/www.basketbalolomouc.eu\/#website\",\"url\":\"https:\/\/www.basketbalolomouc.eu\/\",\"name\":\"Basketbal Olomouc\",\"description\":\"Basketbalov\u00fd klub\",\"publisher\":{\"@id\":\"https:\/\/www.basketbalolomouc.eu\/#organization\"},\"potentialAction\":[{\"@type\":\"SearchAction\",\"target\":{\"@type\":\"EntryPoint\",\"urlTemplate\":\"https:\/\/www.basketbalolomouc.eu\/?s={search_term_string}\"},\"query-input\":{\"@type\":\"PropertyValueSpecification\",\"valueRequired\":true,\"valueName\":\"search_term_string\"}}],\"inLanguage\":\"cs\"},{\"@type\":\"Organization\",\"@id\":\"https:\/\/www.basketbalolomouc.eu\/#organization\",\"name\":\"Basketbal Olomouc\",\"url\":\"https:\/\/www.basketbalolomouc.eu\/\",\"logo\":{\"@type\":\"ImageObject\",\"inLanguage\":\"cs\",\"@id\":\"https:\/\/www.basketbalolomouc.eu\/#\/schema\/logo\/image\/\",\"url\":\"http:\/\/www.basketbalolomouc.eu\/wp-content\/uploads\/2018\/08\/logo_basketbal_olomouc.jpg\",\"contentUrl\":\"http:\/\/www.basketbalolomouc.eu\/wp-content\/uploads\/2018\/08\/logo_basketbal_olomouc.jpg\",\"width\":1180,\"height\":1180,\"caption\":\"Basketbal Olomouc\"},\"image\":{\"@id\":\"https:\/\/www.basketbalolomouc.eu\/#\/schema\/logo\/image\/\"},\"sameAs\":[\"https:\/\/www.facebook.com\/BasketbalOlomouc\/\"]},{\"@type\":\"Person\",\"@id\":\"https:\/\/www.basketbalolomouc.eu\/#\/schema\/person\/55f3f9c30c429ebe52d080eadc3ca07c\",\"name\":\"admin\",\"image\":{\"@type\":\"ImageObject\",\"inLanguage\":\"cs\",\"@id\":\"https:\/\/www.basketbalolomouc.eu\/#\/schema\/person\/image\/\",\"url\":\"https:\/\/secure.gravatar.com\/avatar\/9d1de5457b139edf6366e02182f22397?s=96&d=mm&r=g\",\"contentUrl\":\"https:\/\/secure.gravatar.com\/avatar\/9d1de5457b139edf6366e02182f22397?s=96&d=mm&r=g\",\"caption\":\"admin\"},\"url\":\"https:\/\/www.basketbalolomouc.eu\/?author=1\"}]}<\/script>\n<!-- \/ Yoast SEO plugin. -->","yoast_head_json":{"title":"Charitativn\u00ed basketbalov\u00fd maraton - Basketbal Olomouc","robots":{"index":"index","follow":"follow","max-snippet":"max-snippet:-1","max-image-preview":"max-image-preview:large","max-video-preview":"max-video-preview:-1"},"canonical":"https:\/\/www.basketbalolomouc.eu\/?p=4451","og_locale":"cs_CZ","og_type":"article","og_title":"Charitativn\u00ed basketbalov\u00fd maraton - Basketbal Olomouc","og_description":"Z\u00c1KLADN\u00cd INFORMACE K&nbsp;I. RO\u010cN\u00cdKU LETN\u00cdHO CHARITATIVN\u00cdHO BASKETBALOV\u00c9HO MARATONU V&nbsp;OLOMOUCI. Basketbal Olomouc si V\u00e1s dovoluje pozvat k&nbsp;aktivn\u00ed \u00fa\u010dasti na basketbalov\u00e9m maratonu, kter\u00fd se uskute\u010dn\u00ed v&nbsp;Olomouci v&nbsp;\u010cAJKAR\u00c9N\u011a, p\u016fjde o jedine\u010dnou akci, kter\u00e1 propoj\u00ed sport, z\u00e1bavu a dobro\u010dinnost s&nbsp;c\u00edlem pomoci d\u011btem, kter\u00e9 na\u0161i pomoc pot\u0159ebuj\u00ed. Term\u00edn akce: \u010dtvrtek dne 19.6.2025 od 9.00 do 21.00 hodin. B\u011bhem basketbalov\u00e9ho maratonu &hellip; Charitativn\u00ed basketbalov\u00fd maraton Pokra\u010dovat ve \u010dten\u00ed &raquo;","og_url":"https:\/\/www.basketbalolomouc.eu\/?p=4451","og_site_name":"Basketbal Olomouc","article_publisher":"https:\/\/www.facebook.com\/BasketbalOlomouc\/","article_published_time":"2025-05-08T11:34:40+00:00","article_modified_time":"2025-07-10T12:09:14+00:00","og_image":[{"width":2560,"height":1826,"url":"http:\/\/www.basketbalolomouc.eu\/wp-content\/uploads\/2025\/05\/Maraton-pozvanka-page-001-scaled.jpg","type":"image\/jpeg"}],"author":"admin","twitter_card":"summary_large_image","twitter_misc":{"Napsal(a)":"admin","Odhadovan\u00e1 doba \u010dten\u00ed":"3 minuty"},"schema":{"@context":"https:\/\/schema.org","@graph":[{"@type":"Article","@id":"https:\/\/www.basketbalolomouc.eu\/?p=4451#article","isPartOf":{"@id":"https:\/\/www.basketbalolomouc.eu\/?p=4451"},"author":{"name":"admin","@id":"https:\/\/www.basketbalolomouc.eu\/#\/schema\/person\/55f3f9c30c429ebe52d080eadc3ca07c"},"headline":"Charitativn\u00ed basketbalov\u00fd maraton","datePublished":"2025-05-08T11:34:40+00:00","dateModified":"2025-07-10T12:09:14+00:00","mainEntityOfPage":{"@id":"https:\/\/www.basketbalolomouc.eu\/?p=4451"},"wordCount":461,"commentCount":0,"publisher":{"@id":"https:\/\/www.basketbalolomouc.eu\/#organization"},"image":{"@id":"https:\/\/www.basketbalolomouc.eu\/?p=4451#primaryimage"},"thumbnailUrl":"https:\/\/www.basketbalolomouc.eu\/wp-content\/uploads\/2025\/05\/Maraton-pozvanka-page-001-scaled.jpg","inLanguage":"cs","potentialAction":[{"@type":"CommentAction","name":"Comment","target":["https:\/\/www.basketbalolomouc.eu\/?p=4451#respond"]}]},{"@type":"WebPage","@id":"https:\/\/www.basketbalolomouc.eu\/?p=4451","url":"https:\/\/www.basketbalolomouc.eu\/?p=4451","name":"Charitativn\u00ed basketbalov\u00fd maraton - Basketbal Olomouc","isPartOf":{"@id":"https:\/\/www.basketbalolomouc.eu\/#website"},"primaryImageOfPage":{"@id":"https:\/\/www.basketbalolomouc.eu\/?p=4451#primaryimage"},"image":{"@id":"https:\/\/www.basketbalolomouc.eu\/?p=4451#primaryimage"},"thumbnailUrl":"https:\/\/www.basketbalolomouc.eu\/wp-content\/uploads\/2025\/05\/Maraton-pozvanka-page-001-scaled.jpg","datePublished":"2025-05-08T11:34:40+00:00","dateModified":"2025-07-10T12:09:14+00:00","breadcrumb":{"@id":"https:\/\/www.basketbalolomouc.eu\/?p=4451#breadcrumb"},"inLanguage":"cs","potentialAction":[{"@type":"ReadAction","target":["https:\/\/www.basketbalolomouc.eu\/?p=4451"]}]},{"@type":"ImageObject","inLanguage":"cs","@id":"https:\/\/www.basketbalolomouc.eu\/?p=4451#primaryimage","url":"https:\/\/www.basketbalolomouc.eu\/wp-content\/uploads\/2025\/05\/Maraton-pozvanka-page-001-scaled.jpg","contentUrl":"https:\/\/www.basketbalolomouc.eu\/wp-content\/uploads\/2025\/05\/Maraton-pozvanka-page-001-scaled.jpg","width":2560,"height":1826},{"@type":"BreadcrumbList","@id":"https:\/\/www.basketbalolomouc.eu\/?p=4451#breadcrumb","itemListElement":[{"@type":"ListItem","position":1,"name":"Dom\u016f","item":"https:\/\/www.basketbalolomouc.eu\/"},{"@type":"ListItem","position":2,"name":"Charitativn\u00ed basketbalov\u00fd maraton"}]},{"@type":"WebSite","@id":"https:\/\/www.basketbalolomouc.eu\/#website","url":"https:\/\/www.basketbalolomouc.eu\/","name":"Basketbal Olomouc","description":"Basketbalov\u00fd klub","publisher":{"@id":"https:\/\/www.basketbalolomouc.eu\/#organization"},"potentialAction":[{"@type":"SearchAction","target":{"@type":"EntryPoint","urlTemplate":"https:\/\/www.basketbalolomouc.eu\/?s={search_term_string}"},"query-input":{"@type":"PropertyValueSpecification","valueRequired":true,"valueName":"search_term_string"}}],"inLanguage":"cs"},{"@type":"Organization","@id":"https:\/\/www.basketbalolomouc.eu\/#organization","name":"Basketbal Olomouc","url":"https:\/\/www.basketbalolomouc.eu\/","logo":{"@type":"ImageObject","inLanguage":"cs","@id":"https:\/\/www.basketbalolomouc.eu\/#\/schema\/logo\/image\/","url":"http:\/\/www.basketbalolomouc.eu\/wp-content\/uploads\/2018\/08\/logo_basketbal_olomouc.jpg","contentUrl":"http:\/\/www.basketbalolomouc.eu\/wp-content\/uploads\/2018\/08\/logo_basketbal_olomouc.jpg","width":1180,"height":1180,"caption":"Basketbal Olomouc"},"image":{"@id":"https:\/\/www.basketbalolomouc.eu\/#\/schema\/logo\/image\/"},"sameAs":["https:\/\/www.facebook.com\/BasketbalOlomouc\/"]},{"@type":"Person","@id":"https:\/\/www.basketbalolomouc.eu\/#\/schema\/person\/55f3f9c30c429ebe52d080eadc3ca07c","name":"admin","image":{"@type":"ImageObject","inLanguage":"cs","@id":"https:\/\/www.basketbalolomouc.eu\/#\/schema\/person\/image\/","url":"https:\/\/secure.gravatar.com\/avatar\/9d1de5457b139edf6366e02182f22397?s=96&d=mm&r=g","contentUrl":"https:\/\/secure.gravatar.com\/avatar\/9d1de5457b139edf6366e02182f22397?s=96&d=mm&r=g","caption":"admin"},"url":"https:\/\/www.basketbalolomouc.eu\/?author=1"}]}},"_links":{"self":[{"href":"https:\/\/www.basketbalolomouc.eu\/index.php?rest_route=\/wp\/v2\/posts\/4451","targetHints":{"allow":["GET"]}}],"collection":[{"href":"https:\/\/www.basketbalolomouc.eu\/index.php?rest_route=\/wp\/v2\/posts"}],"about":[{"href":"https:\/\/www.basketbalolomouc.eu\/index.php?rest_route=\/wp\/v2\/types\/post"}],"author":[{"embeddable":true,"href":"https:\/\/www.basketbalolomouc.eu\/index.php?rest_route=\/wp\/v2\/users\/1"}],"replies":[{"embeddable":true,"href":"https:\/\/www.basketbalolomouc.eu\/index.php?rest_route=%2Fwp%2Fv2%2Fcomments&post=4451"}],"version-history":[{"count":2,"href":"https:\/\/www.basketbalolomouc.eu\/index.php?rest_route=\/wp\/v2\/posts\/4451\/revisions"}],"predecessor-version":[{"id":4455,"href":"https:\/\/www.basketbalolomouc.eu\/index.php?rest_route=\/wp\/v2\/posts\/4451\/revisions\/4455"}],"wp:featuredmedia":[{"embeddable":true,"href":"https:\/\/www.basketbalolomouc.eu\/index.php?rest_route=\/wp\/v2\/media\/4454"}],"wp:attachment":[{"href":"https:\/\/www.basketbalolomouc.eu\/index.php?rest_route=%2Fwp%2Fv2%2Fmedia&parent=4451"}],"wp:term":[{"taxonomy":"category","embeddable":true,"href":"https:\/\/www.basketbalolomouc.eu\/index.php?rest_route=%2Fwp%2Fv2%2Fcategories&post=4451"},{"taxonomy":"post_tag","embeddable":true,"href":"https:\/\/www.basketbalolomouc.eu\/index.php?rest_route=%2Fwp%2Fv2%2Ftags&post=4451"}],"curies":[{"name":"wp","href":"https:\/\/api.w.org\/{rel}","templated":true}]}}