{"id":4374,"date":"2025-02-01T08:50:46","date_gmt":"2025-02-01T07:50:46","guid":{"rendered":"https:\/\/www.basketbalolomouc.eu\/?p=4374"},"modified":"2025-05-08T13:54:29","modified_gmt":"2025-05-08T11:54:29","slug":"zakladni-cast-zakoncila-olomouc-porazkou","status":"publish","type":"post","link":"https:\/\/www.basketbalolomouc.eu\/?p=4374","title":{"rendered":"Z\u00e1kladn\u00ed \u010d\u00e1st zakon\u010dila Olomouc por\u00e1\u017ekou"},"content":{"rendered":"\n<p>Z\u00e1kladn\u00ed \u010d\u00e1st zakon\u010dila Olomouc por\u00e1\u017ekou<\/p>\n\n\n\n<p>V&nbsp;posledn\u00edm kole z\u00e1kladn\u00ed \u010d\u00e1sti prvn\u00ed ligy prohr\u00e1li hr\u00e1\u010di olomouck\u00e9ho Basketbalu s&nbsp;Vysokou nad Labem 86:96, kdy\u017e nezvl\u00e1dli koncovku utk\u00e1n\u00ed. Dom\u00e1c\u00edm nepomohla ani nov\u00e1 posila Tomas Teklegergis, autor 19 bod\u016f.<\/p>\n\n\n\n<p>V&nbsp;oboustrann\u011b ofenzivn\u00ed prvn\u00ed \u010dtvrtin\u011b se dlouho v\u00edce da\u0159ilo dom\u00e1c\u00edm, kte\u0159\u00ed chv\u00edlemi vedli a\u017e o jeden\u00e1ct bod\u016f. Zahajovac\u00ed \u010d\u00e1st vyhr\u00e1li 29:25, Vysok\u00e1 se v\u0161ak v&nbsp;z\u00e1v\u011bru dostala do obr\u00e1tek a v&nbsp;dal\u0161\u00edm pokra\u010dov\u00e1n\u00ed polo\u010dasu dok\u00e1zala sk\u00f3re oto\u010dit. Po dvaceti minut\u00e1ch tak Han\u00e1ci ztr\u00e1celi sedm bod\u016f \u2013 46:53.<\/p>\n\n\n\n<p>T\u0159et\u00ed perioda byla ve znamen\u00ed hostuj\u00edc\u00edho n\u00e1poru. Olomouc nabrala ztr\u00e1tu deseti bod\u016f, v&nbsp;z\u00e1v\u011bru se v\u0161ak dok\u00e1zala zvednout a st\u0159elou Ml\u010docha sou\u010dasn\u011b s&nbsp;klaksonem srovnala na 69:69. Osm minut p\u0159ed koncem u\u017e dom\u00e1c\u00ed vedli o p\u011bt bod\u016f, jejich soupe\u0159 v\u0161ak op\u011bt odpov\u011bd\u011bl a \u010dty\u0159i minuty p\u0159ed koncem m\u011bl na sv\u00e9 stran\u011b jednobodov\u00e9 veden\u00ed. V&nbsp;koncovce nav\u00edc prom\u011bnil dv\u011b d\u016fle\u017eit\u00e9 trojky a odvezl si d\u016fle\u017eitou v\u00fdhru.<\/p>\n","protected":false},"excerpt":{"rendered":"<p>Z\u00e1kladn\u00ed \u010d\u00e1st zakon\u010dila Olomouc por\u00e1\u017ekou V&nbsp;posledn\u00edm kole z\u00e1kladn\u00ed \u010d\u00e1sti prvn\u00ed ligy prohr\u00e1li hr\u00e1\u010di olomouck\u00e9ho Basketbalu s&nbsp;Vysokou nad Labem 86:96, kdy\u017e nezvl\u00e1dli koncovku utk\u00e1n\u00ed. Dom\u00e1c\u00edm nepomohla ani nov\u00e1 posila Tomas Teklegergis, autor 19 bod\u016f. V&nbsp;oboustrann\u011b ofenzivn\u00ed prvn\u00ed \u010dtvrtin\u011b se dlouho v\u00edce da\u0159ilo dom\u00e1c\u00edm, kte\u0159\u00ed chv\u00edlemi vedli a\u017e o jeden\u00e1ct bod\u016f. Zahajovac\u00ed \u010d\u00e1st vyhr\u00e1li 29:25, Vysok\u00e1 se &hellip;<\/p>\n<p class=\"read-more\"> <a class=\"\" href=\"https:\/\/www.basketbalolomouc.eu\/?p=4374\"> <span class=\"screen-reader-text\">Z\u00e1kladn\u00ed \u010d\u00e1st zakon\u010dila Olomouc por\u00e1\u017ekou<\/span> Pokra\u010dovat ve \u010dten\u00ed &raquo;<\/a><\/p>\n","protected":false},"author":1,"featured_media":4119,"comment_status":"open","ping_status":"open","sticky":false,"template":"","format":"standard","meta":{"wp_popup_display_lightbox":0,"wp_popup_suppress":"","wp_popup_trigger":"","wp_popup_trigger_amount":0,"wp_popup_disable_on_mobile":false,"ngg_post_thumbnail":0,"footnotes":""},"categories":[1],"tags":[],"class_list":["post-4374","post","type-post","status-publish","format-standard","has-post-thumbnail","hentry","category-nezarazene"],"yoast_head":"<!-- This site is optimized with the Yoast SEO plugin v24.0 - https:\/\/yoast.com\/wordpress\/plugins\/seo\/ -->\n<title>Z\u00e1kladn\u00ed \u010d\u00e1st zakon\u010dila Olomouc por\u00e1\u017ekou - Basketbal Olomouc<\/title>\n<meta name=\"robots\" content=\"index, follow, max-snippet:-1, max-image-preview:large, max-video-preview:-1\" \/>\n<link rel=\"canonical\" href=\"https:\/\/www.basketbalolomouc.eu\/?p=4374\" \/>\n<meta property=\"og:locale\" content=\"cs_CZ\" \/>\n<meta property=\"og:type\" content=\"article\" \/>\n<meta property=\"og:title\" content=\"Z\u00e1kladn\u00ed \u010d\u00e1st zakon\u010dila Olomouc por\u00e1\u017ekou - Basketbal Olomouc\" \/>\n<meta property=\"og:description\" content=\"Z\u00e1kladn\u00ed \u010d\u00e1st zakon\u010dila Olomouc por\u00e1\u017ekou V&nbsp;posledn\u00edm kole z\u00e1kladn\u00ed \u010d\u00e1sti prvn\u00ed ligy prohr\u00e1li hr\u00e1\u010di olomouck\u00e9ho Basketbalu s&nbsp;Vysokou nad Labem 86:96, kdy\u017e nezvl\u00e1dli koncovku utk\u00e1n\u00ed. Dom\u00e1c\u00edm nepomohla ani nov\u00e1 posila Tomas Teklegergis, autor 19 bod\u016f. V&nbsp;oboustrann\u011b ofenzivn\u00ed prvn\u00ed \u010dtvrtin\u011b se dlouho v\u00edce da\u0159ilo dom\u00e1c\u00edm, kte\u0159\u00ed chv\u00edlemi vedli a\u017e o jeden\u00e1ct bod\u016f. Zahajovac\u00ed \u010d\u00e1st vyhr\u00e1li 29:25, Vysok\u00e1 se &hellip; Z\u00e1kladn\u00ed \u010d\u00e1st zakon\u010dila Olomouc por\u00e1\u017ekou Pokra\u010dovat ve \u010dten\u00ed &raquo;\" \/>\n<meta property=\"og:url\" content=\"https:\/\/www.basketbalolomouc.eu\/?p=4374\" \/>\n<meta property=\"og:site_name\" content=\"Basketbal Olomouc\" \/>\n<meta property=\"article:publisher\" content=\"https:\/\/www.facebook.com\/BasketbalOlomouc\/\" \/>\n<meta property=\"article:published_time\" content=\"2025-02-01T07:50:46+00:00\" \/>\n<meta property=\"article:modified_time\" content=\"2025-05-08T11:54:29+00:00\" \/>\n<meta property=\"og:image\" content=\"http:\/\/www.basketbalolomouc.eu\/wp-content\/uploads\/2024\/10\/tym2425-scaled.jpg\" \/>\n\t<meta property=\"og:image:width\" content=\"2560\" \/>\n\t<meta property=\"og:image:height\" content=\"1707\" \/>\n\t<meta property=\"og:image:type\" content=\"image\/jpeg\" \/>\n<meta name=\"author\" content=\"admin\" \/>\n<meta name=\"twitter:card\" content=\"summary_large_image\" \/>\n<meta name=\"twitter:label1\" content=\"Napsal(a)\" \/>\n\t<meta name=\"twitter:data1\" content=\"admin\" \/>\n\t<meta name=\"twitter:label2\" content=\"Odhadovan\u00e1 doba \u010dten\u00ed\" \/>\n\t<meta name=\"twitter:data2\" content=\"1 minuta\" \/>\n<script type=\"application\/ld+json\" class=\"yoast-schema-graph\">{\"@context\":\"https:\/\/schema.org\",\"@graph\":[{\"@type\":\"Article\",\"@id\":\"https:\/\/www.basketbalolomouc.eu\/?p=4374#article\",\"isPartOf\":{\"@id\":\"https:\/\/www.basketbalolomouc.eu\/?p=4374\"},\"author\":{\"name\":\"admin\",\"@id\":\"https:\/\/www.basketbalolomouc.eu\/#\/schema\/person\/55f3f9c30c429ebe52d080eadc3ca07c\"},\"headline\":\"Z\u00e1kladn\u00ed \u010d\u00e1st zakon\u010dila Olomouc por\u00e1\u017ekou\",\"datePublished\":\"2025-02-01T07:50:46+00:00\",\"dateModified\":\"2025-05-08T11:54:29+00:00\",\"mainEntityOfPage\":{\"@id\":\"https:\/\/www.basketbalolomouc.eu\/?p=4374\"},\"wordCount\":219,\"commentCount\":0,\"publisher\":{\"@id\":\"https:\/\/www.basketbalolomouc.eu\/#organization\"},\"image\":{\"@id\":\"https:\/\/www.basketbalolomouc.eu\/?p=4374#primaryimage\"},\"thumbnailUrl\":\"https:\/\/www.basketbalolomouc.eu\/wp-content\/uploads\/2024\/10\/tym2425-scaled.jpg\",\"inLanguage\":\"cs\",\"potentialAction\":[{\"@type\":\"CommentAction\",\"name\":\"Comment\",\"target\":[\"https:\/\/www.basketbalolomouc.eu\/?p=4374#respond\"]}]},{\"@type\":\"WebPage\",\"@id\":\"https:\/\/www.basketbalolomouc.eu\/?p=4374\",\"url\":\"https:\/\/www.basketbalolomouc.eu\/?p=4374\",\"name\":\"Z\u00e1kladn\u00ed \u010d\u00e1st zakon\u010dila Olomouc por\u00e1\u017ekou - Basketbal Olomouc\",\"isPartOf\":{\"@id\":\"https:\/\/www.basketbalolomouc.eu\/#website\"},\"primaryImageOfPage\":{\"@id\":\"https:\/\/www.basketbalolomouc.eu\/?p=4374#primaryimage\"},\"image\":{\"@id\":\"https:\/\/www.basketbalolomouc.eu\/?p=4374#primaryimage\"},\"thumbnailUrl\":\"https:\/\/www.basketbalolomouc.eu\/wp-content\/uploads\/2024\/10\/tym2425-scaled.jpg\",\"datePublished\":\"2025-02-01T07:50:46+00:00\",\"dateModified\":\"2025-05-08T11:54:29+00:00\",\"breadcrumb\":{\"@id\":\"https:\/\/www.basketbalolomouc.eu\/?p=4374#breadcrumb\"},\"inLanguage\":\"cs\",\"potentialAction\":[{\"@type\":\"ReadAction\",\"target\":[\"https:\/\/www.basketbalolomouc.eu\/?p=4374\"]}]},{\"@type\":\"ImageObject\",\"inLanguage\":\"cs\",\"@id\":\"https:\/\/www.basketbalolomouc.eu\/?p=4374#primaryimage\",\"url\":\"https:\/\/www.basketbalolomouc.eu\/wp-content\/uploads\/2024\/10\/tym2425-scaled.jpg\",\"contentUrl\":\"https:\/\/www.basketbalolomouc.eu\/wp-content\/uploads\/2024\/10\/tym2425-scaled.jpg\",\"width\":2560,\"height\":1707},{\"@type\":\"BreadcrumbList\",\"@id\":\"https:\/\/www.basketbalolomouc.eu\/?p=4374#breadcrumb\",\"itemListElement\":[{\"@type\":\"ListItem\",\"position\":1,\"name\":\"Dom\u016f\",\"item\":\"https:\/\/www.basketbalolomouc.eu\/\"},{\"@type\":\"ListItem\",\"position\":2,\"name\":\"Z\u00e1kladn\u00ed \u010d\u00e1st zakon\u010dila Olomouc por\u00e1\u017ekou\"}]},{\"@type\":\"WebSite\",\"@id\":\"https:\/\/www.basketbalolomouc.eu\/#website\",\"url\":\"https:\/\/www.basketbalolomouc.eu\/\",\"name\":\"Basketbal Olomouc\",\"description\":\"Basketbalov\u00fd klub\",\"publisher\":{\"@id\":\"https:\/\/www.basketbalolomouc.eu\/#organization\"},\"potentialAction\":[{\"@type\":\"SearchAction\",\"target\":{\"@type\":\"EntryPoint\",\"urlTemplate\":\"https:\/\/www.basketbalolomouc.eu\/?s={search_term_string}\"},\"query-input\":{\"@type\":\"PropertyValueSpecification\",\"valueRequired\":true,\"valueName\":\"search_term_string\"}}],\"inLanguage\":\"cs\"},{\"@type\":\"Organization\",\"@id\":\"https:\/\/www.basketbalolomouc.eu\/#organization\",\"name\":\"Basketbal Olomouc\",\"url\":\"https:\/\/www.basketbalolomouc.eu\/\",\"logo\":{\"@type\":\"ImageObject\",\"inLanguage\":\"cs\",\"@id\":\"https:\/\/www.basketbalolomouc.eu\/#\/schema\/logo\/image\/\",\"url\":\"http:\/\/www.basketbalolomouc.eu\/wp-content\/uploads\/2018\/08\/logo_basketbal_olomouc.jpg\",\"contentUrl\":\"http:\/\/www.basketbalolomouc.eu\/wp-content\/uploads\/2018\/08\/logo_basketbal_olomouc.jpg\",\"width\":1180,\"height\":1180,\"caption\":\"Basketbal Olomouc\"},\"image\":{\"@id\":\"https:\/\/www.basketbalolomouc.eu\/#\/schema\/logo\/image\/\"},\"sameAs\":[\"https:\/\/www.facebook.com\/BasketbalOlomouc\/\"]},{\"@type\":\"Person\",\"@id\":\"https:\/\/www.basketbalolomouc.eu\/#\/schema\/person\/55f3f9c30c429ebe52d080eadc3ca07c\",\"name\":\"admin\",\"image\":{\"@type\":\"ImageObject\",\"inLanguage\":\"cs\",\"@id\":\"https:\/\/www.basketbalolomouc.eu\/#\/schema\/person\/image\/\",\"url\":\"https:\/\/secure.gravatar.com\/avatar\/9d1de5457b139edf6366e02182f22397?s=96&d=mm&r=g\",\"contentUrl\":\"https:\/\/secure.gravatar.com\/avatar\/9d1de5457b139edf6366e02182f22397?s=96&d=mm&r=g\",\"caption\":\"admin\"},\"url\":\"https:\/\/www.basketbalolomouc.eu\/?author=1\"}]}<\/script>\n<!-- \/ Yoast SEO plugin. -->","yoast_head_json":{"title":"Z\u00e1kladn\u00ed \u010d\u00e1st zakon\u010dila Olomouc por\u00e1\u017ekou - Basketbal Olomouc","robots":{"index":"index","follow":"follow","max-snippet":"max-snippet:-1","max-image-preview":"max-image-preview:large","max-video-preview":"max-video-preview:-1"},"canonical":"https:\/\/www.basketbalolomouc.eu\/?p=4374","og_locale":"cs_CZ","og_type":"article","og_title":"Z\u00e1kladn\u00ed \u010d\u00e1st zakon\u010dila Olomouc por\u00e1\u017ekou - Basketbal Olomouc","og_description":"Z\u00e1kladn\u00ed \u010d\u00e1st zakon\u010dila Olomouc por\u00e1\u017ekou V&nbsp;posledn\u00edm kole z\u00e1kladn\u00ed \u010d\u00e1sti prvn\u00ed ligy prohr\u00e1li hr\u00e1\u010di olomouck\u00e9ho Basketbalu s&nbsp;Vysokou nad Labem 86:96, kdy\u017e nezvl\u00e1dli koncovku utk\u00e1n\u00ed. Dom\u00e1c\u00edm nepomohla ani nov\u00e1 posila Tomas Teklegergis, autor 19 bod\u016f. V&nbsp;oboustrann\u011b ofenzivn\u00ed prvn\u00ed \u010dtvrtin\u011b se dlouho v\u00edce da\u0159ilo dom\u00e1c\u00edm, kte\u0159\u00ed chv\u00edlemi vedli a\u017e o jeden\u00e1ct bod\u016f. Zahajovac\u00ed \u010d\u00e1st vyhr\u00e1li 29:25, Vysok\u00e1 se &hellip; Z\u00e1kladn\u00ed \u010d\u00e1st zakon\u010dila Olomouc por\u00e1\u017ekou Pokra\u010dovat ve \u010dten\u00ed &raquo;","og_url":"https:\/\/www.basketbalolomouc.eu\/?p=4374","og_site_name":"Basketbal Olomouc","article_publisher":"https:\/\/www.facebook.com\/BasketbalOlomouc\/","article_published_time":"2025-02-01T07:50:46+00:00","article_modified_time":"2025-05-08T11:54:29+00:00","og_image":[{"width":2560,"height":1707,"url":"http:\/\/www.basketbalolomouc.eu\/wp-content\/uploads\/2024\/10\/tym2425-scaled.jpg","type":"image\/jpeg"}],"author":"admin","twitter_card":"summary_large_image","twitter_misc":{"Napsal(a)":"admin","Odhadovan\u00e1 doba \u010dten\u00ed":"1 minuta"},"schema":{"@context":"https:\/\/schema.org","@graph":[{"@type":"Article","@id":"https:\/\/www.basketbalolomouc.eu\/?p=4374#article","isPartOf":{"@id":"https:\/\/www.basketbalolomouc.eu\/?p=4374"},"author":{"name":"admin","@id":"https:\/\/www.basketbalolomouc.eu\/#\/schema\/person\/55f3f9c30c429ebe52d080eadc3ca07c"},"headline":"Z\u00e1kladn\u00ed \u010d\u00e1st zakon\u010dila Olomouc por\u00e1\u017ekou","datePublished":"2025-02-01T07:50:46+00:00","dateModified":"2025-05-08T11:54:29+00:00","mainEntityOfPage":{"@id":"https:\/\/www.basketbalolomouc.eu\/?p=4374"},"wordCount":219,"commentCount":0,"publisher":{"@id":"https:\/\/www.basketbalolomouc.eu\/#organization"},"image":{"@id":"https:\/\/www.basketbalolomouc.eu\/?p=4374#primaryimage"},"thumbnailUrl":"https:\/\/www.basketbalolomouc.eu\/wp-content\/uploads\/2024\/10\/tym2425-scaled.jpg","inLanguage":"cs","potentialAction":[{"@type":"CommentAction","name":"Comment","target":["https:\/\/www.basketbalolomouc.eu\/?p=4374#respond"]}]},{"@type":"WebPage","@id":"https:\/\/www.basketbalolomouc.eu\/?p=4374","url":"https:\/\/www.basketbalolomouc.eu\/?p=4374","name":"Z\u00e1kladn\u00ed \u010d\u00e1st zakon\u010dila Olomouc por\u00e1\u017ekou - Basketbal Olomouc","isPartOf":{"@id":"https:\/\/www.basketbalolomouc.eu\/#website"},"primaryImageOfPage":{"@id":"https:\/\/www.basketbalolomouc.eu\/?p=4374#primaryimage"},"image":{"@id":"https:\/\/www.basketbalolomouc.eu\/?p=4374#primaryimage"},"thumbnailUrl":"https:\/\/www.basketbalolomouc.eu\/wp-content\/uploads\/2024\/10\/tym2425-scaled.jpg","datePublished":"2025-02-01T07:50:46+00:00","dateModified":"2025-05-08T11:54:29+00:00","breadcrumb":{"@id":"https:\/\/www.basketbalolomouc.eu\/?p=4374#breadcrumb"},"inLanguage":"cs","potentialAction":[{"@type":"ReadAction","target":["https:\/\/www.basketbalolomouc.eu\/?p=4374"]}]},{"@type":"ImageObject","inLanguage":"cs","@id":"https:\/\/www.basketbalolomouc.eu\/?p=4374#primaryimage","url":"https:\/\/www.basketbalolomouc.eu\/wp-content\/uploads\/2024\/10\/tym2425-scaled.jpg","contentUrl":"https:\/\/www.basketbalolomouc.eu\/wp-content\/uploads\/2024\/10\/tym2425-scaled.jpg","width":2560,"height":1707},{"@type":"BreadcrumbList","@id":"https:\/\/www.basketbalolomouc.eu\/?p=4374#breadcrumb","itemListElement":[{"@type":"ListItem","position":1,"name":"Dom\u016f","item":"https:\/\/www.basketbalolomouc.eu\/"},{"@type":"ListItem","position":2,"name":"Z\u00e1kladn\u00ed \u010d\u00e1st zakon\u010dila Olomouc por\u00e1\u017ekou"}]},{"@type":"WebSite","@id":"https:\/\/www.basketbalolomouc.eu\/#website","url":"https:\/\/www.basketbalolomouc.eu\/","name":"Basketbal Olomouc","description":"Basketbalov\u00fd klub","publisher":{"@id":"https:\/\/www.basketbalolomouc.eu\/#organization"},"potentialAction":[{"@type":"SearchAction","target":{"@type":"EntryPoint","urlTemplate":"https:\/\/www.basketbalolomouc.eu\/?s={search_term_string}"},"query-input":{"@type":"PropertyValueSpecification","valueRequired":true,"valueName":"search_term_string"}}],"inLanguage":"cs"},{"@type":"Organization","@id":"https:\/\/www.basketbalolomouc.eu\/#organization","name":"Basketbal Olomouc","url":"https:\/\/www.basketbalolomouc.eu\/","logo":{"@type":"ImageObject","inLanguage":"cs","@id":"https:\/\/www.basketbalolomouc.eu\/#\/schema\/logo\/image\/","url":"http:\/\/www.basketbalolomouc.eu\/wp-content\/uploads\/2018\/08\/logo_basketbal_olomouc.jpg","contentUrl":"http:\/\/www.basketbalolomouc.eu\/wp-content\/uploads\/2018\/08\/logo_basketbal_olomouc.jpg","width":1180,"height":1180,"caption":"Basketbal Olomouc"},"image":{"@id":"https:\/\/www.basketbalolomouc.eu\/#\/schema\/logo\/image\/"},"sameAs":["https:\/\/www.facebook.com\/BasketbalOlomouc\/"]},{"@type":"Person","@id":"https:\/\/www.basketbalolomouc.eu\/#\/schema\/person\/55f3f9c30c429ebe52d080eadc3ca07c","name":"admin","image":{"@type":"ImageObject","inLanguage":"cs","@id":"https:\/\/www.basketbalolomouc.eu\/#\/schema\/person\/image\/","url":"https:\/\/secure.gravatar.com\/avatar\/9d1de5457b139edf6366e02182f22397?s=96&d=mm&r=g","contentUrl":"https:\/\/secure.gravatar.com\/avatar\/9d1de5457b139edf6366e02182f22397?s=96&d=mm&r=g","caption":"admin"},"url":"https:\/\/www.basketbalolomouc.eu\/?author=1"}]}},"_links":{"self":[{"href":"https:\/\/www.basketbalolomouc.eu\/index.php?rest_route=\/wp\/v2\/posts\/4374","targetHints":{"allow":["GET"]}}],"collection":[{"href":"https:\/\/www.basketbalolomouc.eu\/index.php?rest_route=\/wp\/v2\/posts"}],"about":[{"href":"https:\/\/www.basketbalolomouc.eu\/index.php?rest_route=\/wp\/v2\/types\/post"}],"author":[{"embeddable":true,"href":"https:\/\/www.basketbalolomouc.eu\/index.php?rest_route=\/wp\/v2\/users\/1"}],"replies":[{"embeddable":true,"href":"https:\/\/www.basketbalolomouc.eu\/index.php?rest_route=%2Fwp%2Fv2%2Fcomments&post=4374"}],"version-history":[{"count":1,"href":"https:\/\/www.basketbalolomouc.eu\/index.php?rest_route=\/wp\/v2\/posts\/4374\/revisions"}],"predecessor-version":[{"id":4375,"href":"https:\/\/www.basketbalolomouc.eu\/index.php?rest_route=\/wp\/v2\/posts\/4374\/revisions\/4375"}],"wp:featuredmedia":[{"embeddable":true,"href":"https:\/\/www.basketbalolomouc.eu\/index.php?rest_route=\/wp\/v2\/media\/4119"}],"wp:attachment":[{"href":"https:\/\/www.basketbalolomouc.eu\/index.php?rest_route=%2Fwp%2Fv2%2Fmedia&parent=4374"}],"wp:term":[{"taxonomy":"category","embeddable":true,"href":"https:\/\/www.basketbalolomouc.eu\/index.php?rest_route=%2Fwp%2Fv2%2Fcategories&post=4374"},{"taxonomy":"post_tag","embeddable":true,"href":"https:\/\/www.basketbalolomouc.eu\/index.php?rest_route=%2Fwp%2Fv2%2Ftags&post=4374"}],"curies":[{"name":"wp","href":"https:\/\/api.w.org\/{rel}","templated":true}]}}