{"id":4363,"date":"2025-01-25T08:45:25","date_gmt":"2025-01-25T07:45:25","guid":{"rendered":"https:\/\/www.basketbalolomouc.eu\/?p=4363"},"modified":"2025-05-08T13:54:35","modified_gmt":"2025-05-08T11:54:35","slug":"zadne-prekvapeni-v-hradci","status":"publish","type":"post","link":"https:\/\/www.basketbalolomouc.eu\/?p=4363","title":{"rendered":"\u017d\u00e1dn\u00e9 p\u0159ekvapen\u00ed v Hradci"},"content":{"rendered":"\n<p>\u017d\u00e1dn\u00e9 p\u0159ekvapen\u00ed v Hradci<\/p>\n\n<p>Podle p\u0159edpoklad\u016f skon\u010dilo utk\u00e1n\u00ed 17. kola prvn\u00ed ligy mezi Hradcem Kr\u00e1lov\u00e9 a Basketbalem Olomouc. V\u00fdchodo\u010de\u0161i potvrdili roli vysok\u00fdch favorit\u016f a po v\u00edt\u011bzstv\u00ed 119:70 udr\u017eeli svoji neporazitelnost v\u00a0pr\u016fb\u011bhu cel\u00e9 sezony.<\/p>\n\n<figure><img decoding=\"async\" src=\"https:\/\/www.basketbalolomouc.eu\/wp-content\/uploads\/2025\/01\/images.jpeg\" alt=\"\" \/><\/figure>\n\n<p>Hr\u00e1\u010di Olomouce nabrali u\u017e v\u00a0prvn\u00ed \u010dtvrtin\u011b ztr\u00e1tu deseti bod\u016f, do p\u0159est\u00e1vky bylo o v\u00edt\u011bzi definitivn\u011b rozhodnuto. Dom\u00e1c\u00ed odsko\u010dili na 60:25 a po pauze se jen dohr\u00e1valo. St\u0159elcem z\u00e1pasu byl s\u00a0p\u011btat\u0159iceti body hradeck\u00fd Rous, na druh\u00e9 byl p\u0159i zakon\u010den\u00ed nejlep\u0161\u00ed N\u00e1den\u00ed\u010dek, autor \u0161estn\u00e1cti bod\u016f.<\/p>\n","protected":false},"excerpt":{"rendered":"<p>\u017d\u00e1dn\u00e9 p\u0159ekvapen\u00ed v Hradci Podle p\u0159edpoklad\u016f skon\u010dilo utk\u00e1n\u00ed 17. kola prvn\u00ed ligy mezi Hradcem Kr\u00e1lov\u00e9 a Basketbalem Olomouc. V\u00fdchodo\u010de\u0161i potvrdili roli vysok\u00fdch favorit\u016f a po v\u00edt\u011bzstv\u00ed 119:70 udr\u017eeli svoji neporazitelnost v\u00a0pr\u016fb\u011bhu cel\u00e9 sezony. Hr\u00e1\u010di Olomouce nabrali u\u017e v\u00a0prvn\u00ed \u010dtvrtin\u011b ztr\u00e1tu deseti bod\u016f, do p\u0159est\u00e1vky bylo o v\u00edt\u011bzi definitivn\u011b rozhodnuto. Dom\u00e1c\u00ed odsko\u010dili na 60:25 a po &hellip;<\/p>\n<p class=\"read-more\"> <a class=\"\" href=\"https:\/\/www.basketbalolomouc.eu\/?p=4363\"> <span class=\"screen-reader-text\">\u017d\u00e1dn\u00e9 p\u0159ekvapen\u00ed v Hradci<\/span> Pokra\u010dovat ve \u010dten\u00ed &raquo;<\/a><\/p>\n","protected":false},"author":1,"featured_media":0,"comment_status":"open","ping_status":"open","sticky":false,"template":"","format":"standard","meta":{"wp_popup_display_lightbox":0,"wp_popup_suppress":"","wp_popup_trigger":"","wp_popup_trigger_amount":0,"wp_popup_disable_on_mobile":false,"ngg_post_thumbnail":0,"footnotes":""},"categories":[1],"tags":[],"class_list":["post-4363","post","type-post","status-publish","format-standard","hentry","category-nezarazene"],"yoast_head":"<!-- This site is optimized with the Yoast SEO plugin v24.0 - https:\/\/yoast.com\/wordpress\/plugins\/seo\/ -->\n<title>\u017d\u00e1dn\u00e9 p\u0159ekvapen\u00ed v Hradci - Basketbal Olomouc<\/title>\n<meta name=\"robots\" content=\"index, follow, max-snippet:-1, max-image-preview:large, max-video-preview:-1\" \/>\n<link rel=\"canonical\" href=\"https:\/\/www.basketbalolomouc.eu\/?p=4363\" \/>\n<meta property=\"og:locale\" content=\"cs_CZ\" \/>\n<meta property=\"og:type\" content=\"article\" \/>\n<meta property=\"og:title\" content=\"\u017d\u00e1dn\u00e9 p\u0159ekvapen\u00ed v Hradci - Basketbal Olomouc\" \/>\n<meta property=\"og:description\" content=\"\u017d\u00e1dn\u00e9 p\u0159ekvapen\u00ed v Hradci Podle p\u0159edpoklad\u016f skon\u010dilo utk\u00e1n\u00ed 17. kola prvn\u00ed ligy mezi Hradcem Kr\u00e1lov\u00e9 a Basketbalem Olomouc. V\u00fdchodo\u010de\u0161i potvrdili roli vysok\u00fdch favorit\u016f a po v\u00edt\u011bzstv\u00ed 119:70 udr\u017eeli svoji neporazitelnost v\u00a0pr\u016fb\u011bhu cel\u00e9 sezony. Hr\u00e1\u010di Olomouce nabrali u\u017e v\u00a0prvn\u00ed \u010dtvrtin\u011b ztr\u00e1tu deseti bod\u016f, do p\u0159est\u00e1vky bylo o v\u00edt\u011bzi definitivn\u011b rozhodnuto. Dom\u00e1c\u00ed odsko\u010dili na 60:25 a po &hellip; \u017d\u00e1dn\u00e9 p\u0159ekvapen\u00ed v Hradci Pokra\u010dovat ve \u010dten\u00ed &raquo;\" \/>\n<meta property=\"og:url\" content=\"https:\/\/www.basketbalolomouc.eu\/?p=4363\" \/>\n<meta property=\"og:site_name\" content=\"Basketbal Olomouc\" \/>\n<meta property=\"article:publisher\" content=\"https:\/\/www.facebook.com\/BasketbalOlomouc\/\" \/>\n<meta property=\"article:published_time\" content=\"2025-01-25T07:45:25+00:00\" \/>\n<meta property=\"article:modified_time\" content=\"2025-05-08T11:54:35+00:00\" \/>\n<meta property=\"og:image\" content=\"http:\/\/www.basketbalolomouc.eu\/wp-content\/uploads\/2025\/01\/images.jpeg\" \/>\n\t<meta property=\"og:image:width\" content=\"275\" \/>\n\t<meta property=\"og:image:height\" content=\"183\" \/>\n\t<meta property=\"og:image:type\" content=\"image\/jpeg\" \/>\n<meta name=\"author\" content=\"admin\" \/>\n<meta name=\"twitter:card\" content=\"summary_large_image\" \/>\n<meta name=\"twitter:label1\" content=\"Napsal(a)\" \/>\n\t<meta name=\"twitter:data1\" content=\"admin\" \/>\n\t<meta name=\"twitter:label2\" content=\"Odhadovan\u00e1 doba \u010dten\u00ed\" \/>\n\t<meta name=\"twitter:data2\" content=\"1 minuta\" \/>\n<script type=\"application\/ld+json\" class=\"yoast-schema-graph\">{\"@context\":\"https:\/\/schema.org\",\"@graph\":[{\"@type\":\"Article\",\"@id\":\"https:\/\/www.basketbalolomouc.eu\/?p=4363#article\",\"isPartOf\":{\"@id\":\"https:\/\/www.basketbalolomouc.eu\/?p=4363\"},\"author\":{\"name\":\"admin\",\"@id\":\"https:\/\/www.basketbalolomouc.eu\/#\/schema\/person\/55f3f9c30c429ebe52d080eadc3ca07c\"},\"headline\":\"\u017d\u00e1dn\u00e9 p\u0159ekvapen\u00ed v Hradci\",\"datePublished\":\"2025-01-25T07:45:25+00:00\",\"dateModified\":\"2025-05-08T11:54:35+00:00\",\"mainEntityOfPage\":{\"@id\":\"https:\/\/www.basketbalolomouc.eu\/?p=4363\"},\"wordCount\":113,\"commentCount\":0,\"publisher\":{\"@id\":\"https:\/\/www.basketbalolomouc.eu\/#organization\"},\"image\":{\"@id\":\"https:\/\/www.basketbalolomouc.eu\/?p=4363#primaryimage\"},\"thumbnailUrl\":\"https:\/\/www.basketbalolomouc.eu\/wp-content\/uploads\/2025\/01\/images.jpeg\",\"inLanguage\":\"cs\",\"potentialAction\":[{\"@type\":\"CommentAction\",\"name\":\"Comment\",\"target\":[\"https:\/\/www.basketbalolomouc.eu\/?p=4363#respond\"]}]},{\"@type\":\"WebPage\",\"@id\":\"https:\/\/www.basketbalolomouc.eu\/?p=4363\",\"url\":\"https:\/\/www.basketbalolomouc.eu\/?p=4363\",\"name\":\"\u017d\u00e1dn\u00e9 p\u0159ekvapen\u00ed v Hradci - Basketbal Olomouc\",\"isPartOf\":{\"@id\":\"https:\/\/www.basketbalolomouc.eu\/#website\"},\"primaryImageOfPage\":{\"@id\":\"https:\/\/www.basketbalolomouc.eu\/?p=4363#primaryimage\"},\"image\":{\"@id\":\"https:\/\/www.basketbalolomouc.eu\/?p=4363#primaryimage\"},\"thumbnailUrl\":\"https:\/\/www.basketbalolomouc.eu\/wp-content\/uploads\/2025\/01\/images.jpeg\",\"datePublished\":\"2025-01-25T07:45:25+00:00\",\"dateModified\":\"2025-05-08T11:54:35+00:00\",\"breadcrumb\":{\"@id\":\"https:\/\/www.basketbalolomouc.eu\/?p=4363#breadcrumb\"},\"inLanguage\":\"cs\",\"potentialAction\":[{\"@type\":\"ReadAction\",\"target\":[\"https:\/\/www.basketbalolomouc.eu\/?p=4363\"]}]},{\"@type\":\"ImageObject\",\"inLanguage\":\"cs\",\"@id\":\"https:\/\/www.basketbalolomouc.eu\/?p=4363#primaryimage\",\"url\":\"\",\"contentUrl\":\"\"},{\"@type\":\"BreadcrumbList\",\"@id\":\"https:\/\/www.basketbalolomouc.eu\/?p=4363#breadcrumb\",\"itemListElement\":[{\"@type\":\"ListItem\",\"position\":1,\"name\":\"Dom\u016f\",\"item\":\"https:\/\/www.basketbalolomouc.eu\/\"},{\"@type\":\"ListItem\",\"position\":2,\"name\":\"\u017d\u00e1dn\u00e9 p\u0159ekvapen\u00ed v Hradci\"}]},{\"@type\":\"WebSite\",\"@id\":\"https:\/\/www.basketbalolomouc.eu\/#website\",\"url\":\"https:\/\/www.basketbalolomouc.eu\/\",\"name\":\"Basketbal Olomouc\",\"description\":\"Basketbalov\u00fd klub\",\"publisher\":{\"@id\":\"https:\/\/www.basketbalolomouc.eu\/#organization\"},\"potentialAction\":[{\"@type\":\"SearchAction\",\"target\":{\"@type\":\"EntryPoint\",\"urlTemplate\":\"https:\/\/www.basketbalolomouc.eu\/?s={search_term_string}\"},\"query-input\":{\"@type\":\"PropertyValueSpecification\",\"valueRequired\":true,\"valueName\":\"search_term_string\"}}],\"inLanguage\":\"cs\"},{\"@type\":\"Organization\",\"@id\":\"https:\/\/www.basketbalolomouc.eu\/#organization\",\"name\":\"Basketbal Olomouc\",\"url\":\"https:\/\/www.basketbalolomouc.eu\/\",\"logo\":{\"@type\":\"ImageObject\",\"inLanguage\":\"cs\",\"@id\":\"https:\/\/www.basketbalolomouc.eu\/#\/schema\/logo\/image\/\",\"url\":\"http:\/\/www.basketbalolomouc.eu\/wp-content\/uploads\/2018\/08\/logo_basketbal_olomouc.jpg\",\"contentUrl\":\"http:\/\/www.basketbalolomouc.eu\/wp-content\/uploads\/2018\/08\/logo_basketbal_olomouc.jpg\",\"width\":1180,\"height\":1180,\"caption\":\"Basketbal Olomouc\"},\"image\":{\"@id\":\"https:\/\/www.basketbalolomouc.eu\/#\/schema\/logo\/image\/\"},\"sameAs\":[\"https:\/\/www.facebook.com\/BasketbalOlomouc\/\"]},{\"@type\":\"Person\",\"@id\":\"https:\/\/www.basketbalolomouc.eu\/#\/schema\/person\/55f3f9c30c429ebe52d080eadc3ca07c\",\"name\":\"admin\",\"image\":{\"@type\":\"ImageObject\",\"inLanguage\":\"cs\",\"@id\":\"https:\/\/www.basketbalolomouc.eu\/#\/schema\/person\/image\/\",\"url\":\"https:\/\/secure.gravatar.com\/avatar\/9d1de5457b139edf6366e02182f22397?s=96&d=mm&r=g\",\"contentUrl\":\"https:\/\/secure.gravatar.com\/avatar\/9d1de5457b139edf6366e02182f22397?s=96&d=mm&r=g\",\"caption\":\"admin\"},\"url\":\"https:\/\/www.basketbalolomouc.eu\/?author=1\"}]}<\/script>\n<!-- \/ Yoast SEO plugin. -->","yoast_head_json":{"title":"\u017d\u00e1dn\u00e9 p\u0159ekvapen\u00ed v Hradci - Basketbal Olomouc","robots":{"index":"index","follow":"follow","max-snippet":"max-snippet:-1","max-image-preview":"max-image-preview:large","max-video-preview":"max-video-preview:-1"},"canonical":"https:\/\/www.basketbalolomouc.eu\/?p=4363","og_locale":"cs_CZ","og_type":"article","og_title":"\u017d\u00e1dn\u00e9 p\u0159ekvapen\u00ed v Hradci - Basketbal Olomouc","og_description":"\u017d\u00e1dn\u00e9 p\u0159ekvapen\u00ed v Hradci Podle p\u0159edpoklad\u016f skon\u010dilo utk\u00e1n\u00ed 17. kola prvn\u00ed ligy mezi Hradcem Kr\u00e1lov\u00e9 a Basketbalem Olomouc. V\u00fdchodo\u010de\u0161i potvrdili roli vysok\u00fdch favorit\u016f a po v\u00edt\u011bzstv\u00ed 119:70 udr\u017eeli svoji neporazitelnost v\u00a0pr\u016fb\u011bhu cel\u00e9 sezony. Hr\u00e1\u010di Olomouce nabrali u\u017e v\u00a0prvn\u00ed \u010dtvrtin\u011b ztr\u00e1tu deseti bod\u016f, do p\u0159est\u00e1vky bylo o v\u00edt\u011bzi definitivn\u011b rozhodnuto. Dom\u00e1c\u00ed odsko\u010dili na 60:25 a po &hellip; \u017d\u00e1dn\u00e9 p\u0159ekvapen\u00ed v Hradci Pokra\u010dovat ve \u010dten\u00ed &raquo;","og_url":"https:\/\/www.basketbalolomouc.eu\/?p=4363","og_site_name":"Basketbal Olomouc","article_publisher":"https:\/\/www.facebook.com\/BasketbalOlomouc\/","article_published_time":"2025-01-25T07:45:25+00:00","article_modified_time":"2025-05-08T11:54:35+00:00","og_image":[{"width":275,"height":183,"url":"http:\/\/www.basketbalolomouc.eu\/wp-content\/uploads\/2025\/01\/images.jpeg","type":"image\/jpeg"}],"author":"admin","twitter_card":"summary_large_image","twitter_misc":{"Napsal(a)":"admin","Odhadovan\u00e1 doba \u010dten\u00ed":"1 minuta"},"schema":{"@context":"https:\/\/schema.org","@graph":[{"@type":"Article","@id":"https:\/\/www.basketbalolomouc.eu\/?p=4363#article","isPartOf":{"@id":"https:\/\/www.basketbalolomouc.eu\/?p=4363"},"author":{"name":"admin","@id":"https:\/\/www.basketbalolomouc.eu\/#\/schema\/person\/55f3f9c30c429ebe52d080eadc3ca07c"},"headline":"\u017d\u00e1dn\u00e9 p\u0159ekvapen\u00ed v Hradci","datePublished":"2025-01-25T07:45:25+00:00","dateModified":"2025-05-08T11:54:35+00:00","mainEntityOfPage":{"@id":"https:\/\/www.basketbalolomouc.eu\/?p=4363"},"wordCount":113,"commentCount":0,"publisher":{"@id":"https:\/\/www.basketbalolomouc.eu\/#organization"},"image":{"@id":"https:\/\/www.basketbalolomouc.eu\/?p=4363#primaryimage"},"thumbnailUrl":"https:\/\/www.basketbalolomouc.eu\/wp-content\/uploads\/2025\/01\/images.jpeg","inLanguage":"cs","potentialAction":[{"@type":"CommentAction","name":"Comment","target":["https:\/\/www.basketbalolomouc.eu\/?p=4363#respond"]}]},{"@type":"WebPage","@id":"https:\/\/www.basketbalolomouc.eu\/?p=4363","url":"https:\/\/www.basketbalolomouc.eu\/?p=4363","name":"\u017d\u00e1dn\u00e9 p\u0159ekvapen\u00ed v Hradci - Basketbal Olomouc","isPartOf":{"@id":"https:\/\/www.basketbalolomouc.eu\/#website"},"primaryImageOfPage":{"@id":"https:\/\/www.basketbalolomouc.eu\/?p=4363#primaryimage"},"image":{"@id":"https:\/\/www.basketbalolomouc.eu\/?p=4363#primaryimage"},"thumbnailUrl":"https:\/\/www.basketbalolomouc.eu\/wp-content\/uploads\/2025\/01\/images.jpeg","datePublished":"2025-01-25T07:45:25+00:00","dateModified":"2025-05-08T11:54:35+00:00","breadcrumb":{"@id":"https:\/\/www.basketbalolomouc.eu\/?p=4363#breadcrumb"},"inLanguage":"cs","potentialAction":[{"@type":"ReadAction","target":["https:\/\/www.basketbalolomouc.eu\/?p=4363"]}]},{"@type":"ImageObject","inLanguage":"cs","@id":"https:\/\/www.basketbalolomouc.eu\/?p=4363#primaryimage","url":"","contentUrl":""},{"@type":"BreadcrumbList","@id":"https:\/\/www.basketbalolomouc.eu\/?p=4363#breadcrumb","itemListElement":[{"@type":"ListItem","position":1,"name":"Dom\u016f","item":"https:\/\/www.basketbalolomouc.eu\/"},{"@type":"ListItem","position":2,"name":"\u017d\u00e1dn\u00e9 p\u0159ekvapen\u00ed v Hradci"}]},{"@type":"WebSite","@id":"https:\/\/www.basketbalolomouc.eu\/#website","url":"https:\/\/www.basketbalolomouc.eu\/","name":"Basketbal Olomouc","description":"Basketbalov\u00fd klub","publisher":{"@id":"https:\/\/www.basketbalolomouc.eu\/#organization"},"potentialAction":[{"@type":"SearchAction","target":{"@type":"EntryPoint","urlTemplate":"https:\/\/www.basketbalolomouc.eu\/?s={search_term_string}"},"query-input":{"@type":"PropertyValueSpecification","valueRequired":true,"valueName":"search_term_string"}}],"inLanguage":"cs"},{"@type":"Organization","@id":"https:\/\/www.basketbalolomouc.eu\/#organization","name":"Basketbal Olomouc","url":"https:\/\/www.basketbalolomouc.eu\/","logo":{"@type":"ImageObject","inLanguage":"cs","@id":"https:\/\/www.basketbalolomouc.eu\/#\/schema\/logo\/image\/","url":"http:\/\/www.basketbalolomouc.eu\/wp-content\/uploads\/2018\/08\/logo_basketbal_olomouc.jpg","contentUrl":"http:\/\/www.basketbalolomouc.eu\/wp-content\/uploads\/2018\/08\/logo_basketbal_olomouc.jpg","width":1180,"height":1180,"caption":"Basketbal Olomouc"},"image":{"@id":"https:\/\/www.basketbalolomouc.eu\/#\/schema\/logo\/image\/"},"sameAs":["https:\/\/www.facebook.com\/BasketbalOlomouc\/"]},{"@type":"Person","@id":"https:\/\/www.basketbalolomouc.eu\/#\/schema\/person\/55f3f9c30c429ebe52d080eadc3ca07c","name":"admin","image":{"@type":"ImageObject","inLanguage":"cs","@id":"https:\/\/www.basketbalolomouc.eu\/#\/schema\/person\/image\/","url":"https:\/\/secure.gravatar.com\/avatar\/9d1de5457b139edf6366e02182f22397?s=96&d=mm&r=g","contentUrl":"https:\/\/secure.gravatar.com\/avatar\/9d1de5457b139edf6366e02182f22397?s=96&d=mm&r=g","caption":"admin"},"url":"https:\/\/www.basketbalolomouc.eu\/?author=1"}]}},"_links":{"self":[{"href":"https:\/\/www.basketbalolomouc.eu\/index.php?rest_route=\/wp\/v2\/posts\/4363","targetHints":{"allow":["GET"]}}],"collection":[{"href":"https:\/\/www.basketbalolomouc.eu\/index.php?rest_route=\/wp\/v2\/posts"}],"about":[{"href":"https:\/\/www.basketbalolomouc.eu\/index.php?rest_route=\/wp\/v2\/types\/post"}],"author":[{"embeddable":true,"href":"https:\/\/www.basketbalolomouc.eu\/index.php?rest_route=\/wp\/v2\/users\/1"}],"replies":[{"embeddable":true,"href":"https:\/\/www.basketbalolomouc.eu\/index.php?rest_route=%2Fwp%2Fv2%2Fcomments&post=4363"}],"version-history":[{"count":4,"href":"https:\/\/www.basketbalolomouc.eu\/index.php?rest_route=\/wp\/v2\/posts\/4363\/revisions"}],"predecessor-version":[{"id":4368,"href":"https:\/\/www.basketbalolomouc.eu\/index.php?rest_route=\/wp\/v2\/posts\/4363\/revisions\/4368"}],"wp:attachment":[{"href":"https:\/\/www.basketbalolomouc.eu\/index.php?rest_route=%2Fwp%2Fv2%2Fmedia&parent=4363"}],"wp:term":[{"taxonomy":"category","embeddable":true,"href":"https:\/\/www.basketbalolomouc.eu\/index.php?rest_route=%2Fwp%2Fv2%2Fcategories&post=4363"},{"taxonomy":"post_tag","embeddable":true,"href":"https:\/\/www.basketbalolomouc.eu\/index.php?rest_route=%2Fwp%2Fv2%2Ftags&post=4363"}],"curies":[{"name":"wp","href":"https:\/\/api.w.org\/{rel}","templated":true}]}}